{"id":2026,"date":"2012-09-19T13:28:23","date_gmt":"2012-09-19T11:28:23","guid":{"rendered":"http:\/\/bsvspittal.liland.at\/?p=2026"},"modified":"2012-09-19T13:28:23","modified_gmt":"2012-09-19T11:28:23","slug":"salzburger-landesmeisterschaften-am-13-03-2010","status":"publish","type":"post","link":"https:\/\/bsvspittal.liland.at\/?p=2026","title":{"rendered":"Salzburger Landesmeisterschaften am 13.03.2010"},"content":{"rendered":"<p>31\u00a0 Schwimmer des Behindertensportvereines Spittal\/Drau, darunter 13 Jugendliche und Kinder, nahmen\u00a0 als G\u00e4ste\u00a0 an den\u00a0 Salzburger Landesmeisterschaften\u00a0 2010\u00a0\u00a0 im Hallenbad\u00a0 Rif\u00a0 teil. Der Wettkampf diente als Vorbereitung f\u00fcr die kommenden Wettk\u00e4mpfe und als \u00dcberpr\u00fcfung\u00a0 der \u00fcber den Winter geleisteten Trainingsarbeit.<\/p>\n<p>Bereits w\u00e4hrend der Fahrt mit dem Bus\u00a0 von Spittal\/Drau nach Salzburg war die Anspannung bei\u00a0 den Sportlern, Eltern und Trainern sp\u00fcrbar.\u00a0 Besonders die Sch\u00fcler und Jugendlichen, die erstmals\u00a0 an dieser Veranstaltung teilnahmen, konnten ihre Nervosit\u00e4t nicht verbergen. Nach einer eineinhalbst\u00fcndigen Fahrt begann der Wettbewerb mit dem Einschwimmen der Teilnehmer und dem Kennen lernen der Sportanlage.<\/p>\n<p>Voller Ergeiz und Kampfgeist zeigten sie das Erlernte bzw. Trainierte. Die Schwimmer konnten sich im \u00f6sterreichischen Vergleich sehr gut behaupten. Bei jeder der verschiedenen Disziplinen herrschte in der Schwimmsporthalle eine ganz besondere Stimmung, gepr\u00e4gt vom lautstarken Anfeuern und \u00fcberschw\u00e4nglicher Freude \u00fcber die geschwommenen Zeiten.<\/p>\n<p>Das besondere an dieser Veranstaltung war, das sich jeder Teilnehmer\u00a0 \u00fcber seine eigene Bestzeit und wohl auch \u00fcber die bessere Platzierung der anderen\u00a0 Schwimmer freute.<\/p>\n<p>Der H\u00f6hepunkt des Tages waren dann wohl auch die Siegerehrungen, bei denen es gro\u00dfen gegenseitigen Applaus f\u00fcr die Sieger gab. Siegerehrungen wie bei \u201eWeltmeisterschaften\u201c mit Blitzlichtgewitter, tosendem Applaus, Luftspr\u00fcngen, Umarmungen und Freudentr\u00e4nen.<\/p>\n<p>Dieser \u00fcberaus straff durchorganisierte Tag endete mit einem gemeinsamen Abendessen, bei dem sich alle \u00fcber die besonderen Leistungen, die erbracht wurden, freuen konnten.<\/p>\n<p>Elisabeth KOCH\u00a0\u00a0 konnte die 50 m\u00a0 und 100 m Brust\u00a0 Bewerbe klar f\u00fcr sich entscheiden.<\/p>\n<p>Andrea GUGGENBERGER\u00a0 gewann die \u00a0100 m Freistil und 50 m R\u00fccken\u00a0 und\u00a0 Gernot\u00a0 PLATZER\u00a0 die 50 m Delphin und \u00a0100 m R\u00fccken.<\/p>\n<p>Ansteigende Form\u00a0 war bei\u00a0 Philip HOCHENBERGER\u00a0 zu erkennen, der die 50 m Freistil\u00a0 mit 31,05 sek. gewann und damit wieder einen neuen \u00a0\u00f6sterr. Jugendrekord aufstellte. \u00a0Elisabeth KOCH und Philip HOCHENBERGER wurden auch punktebeste Spittaler Schwimmer.<\/p>\n<p>Bei den <strong>Jugendlichen<\/strong> lie\u00dfen\u00a0 Caroline HERMANN und Amadeo VAN KESSENICH\u00a0 sowie bei den <strong>Kindern<\/strong>\u00a0 Matthias\u00a0 AUSSERWINKLER und Julia PLEIKNER, Judith EGGER und Lisa SORNIG\u00a0 mit ihren pers\u00f6nlichen Bestleistungen aufhorchen.<\/p>\n<p>Die 4 x 50 m Staffelbewerbe\u00a0 gewann bei den Damen<\/p>\n<p>(Caroline HERMANN, Elisabeth KOCH, Susanne K\u00dcHSCHWEIGER\u00a0 und Andrea GUGGENBERGER)<\/p>\n<p>und bei den Herren<\/p>\n<p>(Jakob PIRKER-FR\u00dcHAUF, Seppi LACKNER, Gernot PLATZER\u00a0 und Franz Josef PUCHER).<\/p>\n<p style=\"text-align: center;\"><a href=\"http:\/\/bsvspittal.liland.at\/wp-content\/uploads\/2012\/09\/2010_1.gif\"><img loading=\"lazy\" class=\"aligncenter size-full wp-image-2027\" title=\"2010_1\" src=\"http:\/\/bsvspittal.liland.at\/wp-content\/uploads\/2012\/09\/2010_1.gif\" alt=\"\" width=\"500\" height=\"375\" srcset=\"http:\/\/bsvspittal.liland.at\/wp-content\/uploads\/2012\/09\/2010_1.gif 500w, http:\/\/bsvspittal.liland.at\/wp-content\/uploads\/2012\/09\/2010_1-150x112.gif 150w, http:\/\/bsvspittal.liland.at\/wp-content\/uploads\/2012\/09\/2010_1-300x225.gif 300w\" sizes=\"(max-width: 500px) 100vw, 500px\" \/><\/a><\/p>\n","protected":false},"excerpt":{"rendered":"<p>31\u00a0 Schwimmer des Behindertensportvereines Spittal\/Drau, darunter 13 Jugendliche und Kinder, nahmen\u00a0 als G\u00e4ste\u00a0 an den\u00a0 Salzburger Landesmeisterschaften\u00a0 2010\u00a0\u00a0 im Hallenbad\u00a0 Rif\u00a0 teil. Der Wettkampf diente als Vorbereitung f\u00fcr die kommenden Wettk\u00e4mpfe und als \u00dcberpr\u00fcfung\u00a0 der \u00fcber den Winter geleisteten Trainingsarbeit. Bereits w\u00e4hrend der Fahrt mit dem Bus\u00a0 von Spittal\/Drau nach Salzburg war die Anspannung bei\u00a0 [&hellip;]<\/p>\n","protected":false},"author":1,"featured_media":0,"comment_status":"open","ping_status":"open","sticky":false,"template":"","format":"standard","meta":[],"categories":[27],"tags":[],"_links":{"self":[{"href":"https:\/\/bsvspittal.liland.at\/index.php?rest_route=\/wp\/v2\/posts\/2026"}],"collection":[{"href":"https:\/\/bsvspittal.liland.at\/index.php?rest_route=\/wp\/v2\/posts"}],"about":[{"href":"https:\/\/bsvspittal.liland.at\/index.php?rest_route=\/wp\/v2\/types\/post"}],"author":[{"embeddable":true,"href":"https:\/\/bsvspittal.liland.at\/index.php?rest_route=\/wp\/v2\/users\/1"}],"replies":[{"embeddable":true,"href":"https:\/\/bsvspittal.liland.at\/index.php?rest_route=%2Fwp%2Fv2%2Fcomments&post=2026"}],"version-history":[{"count":2,"href":"https:\/\/bsvspittal.liland.at\/index.php?rest_route=\/wp\/v2\/posts\/2026\/revisions"}],"predecessor-version":[{"id":2029,"href":"https:\/\/bsvspittal.liland.at\/index.php?rest_route=\/wp\/v2\/posts\/2026\/revisions\/2029"}],"wp:attachment":[{"href":"https:\/\/bsvspittal.liland.at\/index.php?rest_route=%2Fwp%2Fv2%2Fmedia&parent=2026"}],"wp:term":[{"taxonomy":"category","embeddable":true,"href":"https:\/\/bsvspittal.liland.at\/index.php?rest_route=%2Fwp%2Fv2%2Fcategories&post=2026"},{"taxonomy":"post_tag","embeddable":true,"href":"https:\/\/bsvspittal.liland.at\/index.php?rest_route=%2Fwp%2Fv2%2Ftags&post=2026"}],"curies":[{"name":"wp","href":"https:\/\/api.w.org\/{rel}","templated":true}]}}