{"id":2075,"date":"2012-09-19T14:18:27","date_gmt":"2012-09-19T12:18:27","guid":{"rendered":"http:\/\/bsvspittal.liland.at\/?p=2075"},"modified":"2012-09-19T14:18:27","modified_gmt":"2012-09-19T12:18:27","slug":"22-08-2010-28-08-2010-trainingswoche-fur-jugendliche-aus-karnten-und-tirol-im-bundessportheim-faak-am-see","status":"publish","type":"post","link":"https:\/\/bsvspittal.liland.at\/?p=2075","title":{"rendered":"22.08.2010 &#8211; 28.08.2010  Trainingswoche f\u00fcr Jugendliche aus K\u00e4rnten und Tirol im Bundessportheim Faak am See"},"content":{"rendered":"<p>18 Sch\u00fcler und Jugendliche mit Handicup folgten der Einladung des K\u00e4rntner Behindertensporverbandes K\u00e4rnten\u00a0\u00a0 zu einer Trainingswoche\u00a0 ins Bundessportheim Faak am See.\u00a0 Die Trainingswoche mit Teilnehmern aus K\u00e4rnten und Tirol\u00a0 fand bereits zum 8. Male statt.<\/p>\n<p>Neben der Gesamtleitung\u00a0 von Gisela\u00a0 DANZL\u00a0 aus Tirol \u00fcbernahm die sportliche Leitung\u00a0 Hanni\u00a0 GLANZNIG\u00a0 vom\u00a0 BSV\u00a0 Spittal\/Drau\u00a0 und Rudi\u00a0 HOCHENBERGER\u00a0 begleitete\u00a0 die Gruppe als Betreuer.<\/p>\n<p>Die Jugendlichen konnten ein gro\u00dfz\u00fcgiges Sportangebot wie Schwimmen, Leichtathletik und Gymnastik\u00a0 aus\u00fcben.\u00a0 Neben dem anstrengenden Training kam auch das Freizeitangebot mit Tennis, Tischtennis, Fu\u00dfball, Bootfahren und Sauna nicht zu kurz.<\/p>\n<p>Ein Erlebnis f\u00fcr alle war auch eine Einladung von den Besitzern des Tierparks Rossegg.<\/p>\n<p>Abgeschlossen wurde diese Woche mit einem Wettbewerb.\u00a0 Mit Begeisterung und vollem Einsatz absolvierten alle Teams die einzelnen Stationen. Medaillen- und viele Sachpreise gab es f\u00fcr alle.<\/p>\n<p>Diese Woche ist eine sehr wichtige Investition f\u00fcr k\u00fcnftige Sportler des Behindertensportes und tr\u00e4gt ma\u00dfgebliche zur Kameradschaft, Toleranz sowie Integration bei.<\/p>\n<p>Die Jugendlichen profitieren von der Schulung zur Selbst\u00e4ndigkeit und auch ihr Selbstwertgef\u00fchl steigt enorm.<\/p>\n<p><a href=\"http:\/\/bsvspittal.liland.at\/wp-content\/uploads\/2012\/09\/2010_12.jpg\"><img loading=\"lazy\" class=\"alignleft size-thumbnail wp-image-2076\" title=\"2010_12\" src=\"http:\/\/bsvspittal.liland.at\/wp-content\/uploads\/2012\/09\/2010_12-150x112.jpg\" alt=\"\" width=\"150\" height=\"112\" srcset=\"http:\/\/bsvspittal.liland.at\/wp-content\/uploads\/2012\/09\/2010_12-150x112.jpg 150w, http:\/\/bsvspittal.liland.at\/wp-content\/uploads\/2012\/09\/2010_12.jpg 300w\" sizes=\"(max-width: 150px) 100vw, 150px\" \/><\/a><a href=\"http:\/\/bsvspittal.liland.at\/wp-content\/uploads\/2012\/09\/2010_13.jpg\"><img loading=\"lazy\" class=\"alignright size-thumbnail wp-image-2077\" title=\"2010_13\" src=\"http:\/\/bsvspittal.liland.at\/wp-content\/uploads\/2012\/09\/2010_13-150x112.jpg\" alt=\"\" width=\"150\" height=\"112\" srcset=\"http:\/\/bsvspittal.liland.at\/wp-content\/uploads\/2012\/09\/2010_13-150x112.jpg 150w, http:\/\/bsvspittal.liland.at\/wp-content\/uploads\/2012\/09\/2010_13.jpg 300w\" sizes=\"(max-width: 150px) 100vw, 150px\" \/><\/a><\/p>\n","protected":false},"excerpt":{"rendered":"<p>18 Sch\u00fcler und Jugendliche mit Handicup folgten der Einladung des K\u00e4rntner Behindertensporverbandes K\u00e4rnten\u00a0\u00a0 zu einer Trainingswoche\u00a0 ins Bundessportheim Faak am See.\u00a0 Die Trainingswoche mit Teilnehmern aus K\u00e4rnten und Tirol\u00a0 fand bereits zum 8. Male statt. Neben der Gesamtleitung\u00a0 von Gisela\u00a0 DANZL\u00a0 aus Tirol \u00fcbernahm die sportliche Leitung\u00a0 Hanni\u00a0 GLANZNIG\u00a0 vom\u00a0 BSV\u00a0 Spittal\/Drau\u00a0 und Rudi\u00a0 HOCHENBERGER\u00a0 [&hellip;]<\/p>\n","protected":false},"author":1,"featured_media":0,"comment_status":"open","ping_status":"open","sticky":false,"template":"","format":"standard","meta":[],"categories":[27],"tags":[],"_links":{"self":[{"href":"https:\/\/bsvspittal.liland.at\/index.php?rest_route=\/wp\/v2\/posts\/2075"}],"collection":[{"href":"https:\/\/bsvspittal.liland.at\/index.php?rest_route=\/wp\/v2\/posts"}],"about":[{"href":"https:\/\/bsvspittal.liland.at\/index.php?rest_route=\/wp\/v2\/types\/post"}],"author":[{"embeddable":true,"href":"https:\/\/bsvspittal.liland.at\/index.php?rest_route=\/wp\/v2\/users\/1"}],"replies":[{"embeddable":true,"href":"https:\/\/bsvspittal.liland.at\/index.php?rest_route=%2Fwp%2Fv2%2Fcomments&post=2075"}],"version-history":[{"count":2,"href":"https:\/\/bsvspittal.liland.at\/index.php?rest_route=\/wp\/v2\/posts\/2075\/revisions"}],"predecessor-version":[{"id":2079,"href":"https:\/\/bsvspittal.liland.at\/index.php?rest_route=\/wp\/v2\/posts\/2075\/revisions\/2079"}],"wp:attachment":[{"href":"https:\/\/bsvspittal.liland.at\/index.php?rest_route=%2Fwp%2Fv2%2Fmedia&parent=2075"}],"wp:term":[{"taxonomy":"category","embeddable":true,"href":"https:\/\/bsvspittal.liland.at\/index.php?rest_route=%2Fwp%2Fv2%2Fcategories&post=2075"},{"taxonomy":"post_tag","embeddable":true,"href":"https:\/\/bsvspittal.liland.at\/index.php?rest_route=%2Fwp%2Fv2%2Ftags&post=2075"}],"curies":[{"name":"wp","href":"https:\/\/api.w.org\/{rel}","templated":true}]}}