{"id":2127,"date":"2012-09-19T16:05:33","date_gmt":"2012-09-19T14:05:33","guid":{"rendered":"http:\/\/bsvspittal.liland.at\/?p=2127"},"modified":"2012-09-19T16:06:04","modified_gmt":"2012-09-19T14:06:04","slug":"karntner-meisterschaften-2010","status":"publish","type":"post","link":"https:\/\/bsvspittal.liland.at\/?p=2127","title":{"rendered":"K\u00e4rntner Meisterschaften  2010"},"content":{"rendered":"<p>Eine noch nie dagewesene Teilnehmeranzahl von 78 Schwimmern zeigten bei den K\u00e4rntner Meisterschaften 2010\u00a0 im Hallenbad Spittal\/Drau (Drautal Perle) ihr K\u00f6nnen.<\/p>\n<p>Es nahmen auch G\u00e4ste vom BSV Wei\u00dfer Hof, Axams, BSV Innsbruck und VCA Salzburg teil.<\/p>\n<p>Die Siegerehrung wurde im Gasthaus Br\u00fcckenwirt durchgef\u00fchrt. Gewertet wurde nach der 1000 Punkte Tabelle. Bei der Ehrung wurde die h\u00f6chste Punkteanzahl des besten geschwommenen Bewerbes ausgezeichnet.<\/p>\n<h4>Mentalbehinderung<\/h4>\n<h4><div class='one_half'>\r\n\t\t\t\t\tM\u00e4nnlich\r\n\t\t\t\t<\/div><div class='one_half last'>\r\n\t\t\t\t\tWeiblich\r\n\t\t\t\t<\/div><div class='clear'><\/div><\/h4>\n<h4><div class='one_half'>\r\n\t\t\t\t\tAllgem. Klasse:\r\n\t\t\t\t<\/div><div class='one_half last'>\r\n\t\t\t\t\tAllgem. Klasse\r\n\t\t\t\t<\/div><div class='clear'><\/div><\/h4>\n<p><strong><div class='one_half'>\r\n\t\t\t\t\t1. \u00a0Jakob PIRKER-FR\u00dcHAUF\r\n\t\t\t\t<\/div><div class='one_half last'>\r\n\t\t\t\t\t1. \u00a0Elisabeth KOCH\r\n\t\t\t\t<\/div><div class='clear'><\/div><\/strong><\/p>\n<p><div class='one_half'>\r\n\t\t\t\t\t2. \u00a0Gernot\u00a0 PLATZER\r\n\t\t\t\t<\/div><div class='one_half last'>\r\n\t\t\t\t\t2. \u00a0Andrea GUGGENBERGER\r\n\t\t\t\t<\/div><div class='clear'><\/div><br \/>\n<div class='one_half'>\r\n\t\t\t\t\t3.\u00a0 Seppi\u00a0 LACKNER \u00a0\r\n\t\t\t\t<\/div><div class='one_half last'>\r\n\t\t\t\t\t3.\u00a0 \u00a0Kerstin\u00a0\u00a0\u00a0 HUBER\r\n\t\t\t\t<\/div><div class='clear'><\/div><\/p>\n<p><div class='one_half'>\r\n\t\t\t\t\tJugend:\r\n\t\t\t\t<\/div><div class='one_half last'>\r\n\t\t\t\t\tJugend:\r\n\t\t\t\t<\/div><div class='clear'><\/div><\/p>\n<p><strong><div class='one_half'>\r\n\t\t\t\t\t1.\u00a0\u00a0 \u00a0Amadeo\u00a0 VAN KESSENICH\r\n\t\t\t\t<\/div><div class='one_half last'>\r\n\t\t\t\t\t1.\u00a0 Caroline\u00a0 HERMANN\r\n\t\t\t\t<\/div><div class='clear'><\/div><\/strong><br \/>\n<div class='one_half'>\r\n\t\t\t\t\t2.\u00a0\u00a0 Peter\u00a0 PIRKER\r\n\t\t\t\t<\/div><div class='one_half last'>\r\n\t\t\t\t\t2.\u00a0 \u00a0Katja STUPPACHER\r\n\t\t\t\t<\/div><div class='clear'><\/div><br \/>\n<div class='one_half'>\r\n\t\t\t\t\t3.\u00a0\u00a0\u00a0 Simon\u00a0 GAILER\u00a0\r\n\t\t\t\t<\/div><div class='one_half last'>\r\n\t\t\t\t\t\u00a03.\u00a0\u00a0 Suzana\u00a0 OTZAKOVIC\r\n\t\t\t\t<\/div><div class='clear'><\/div><\/p>\n<p><div class='one_half'>\r\n\t\t\t\t\tSch\u00fcler:\r\n\t\t\t\t<\/div><div class='one_half last'>\r\n\t\t\t\t\tSch\u00fcler:\r\n\t\t\t\t<\/div><div class='clear'><\/div><\/p>\n<p><strong><div class='one_half'>\r\n\t\t\t\t\t1.\u00a0 Michael\u00a0 SCHREMPF\u00a0\r\n\t\t\t\t<\/div><div class='one_half last'>\r\n\t\t\t\t\t1. \u00a0\u00a0Julia\u00a0\u00a0 PLEIKNER\r\n\t\t\t\t<\/div><div class='clear'><\/div><\/strong><br \/>\n<div class='one_half'>\r\n\t\t\t\t\t2.\u00a0\u00a0 Kevin KOHLWEIS\r\n\t\t\t\t<\/div><div class='one_half last'>\r\n\t\t\t\t\t2. \u00a0\u00a0Jennifer TONEJC\r\n\t\t\t\t<\/div><div class='clear'><\/div><br \/>\n<div class='one_half'>\r\n\t\t\t\t\t3.\u00a0\u00a0 Thomas\u00a0 GRUBER\r\n\t\t\t\t<\/div><div class='one_half last'>\r\n\t\t\t\t\t3.\u00a0\u00a0 Justyna STEINBERGER\r\n\t\t\t\t<\/div><div class='clear'><\/div><\/p>\n<h4>4 x 50 m Freistil \u00a0Staffel:\u00a0 m\u00e4nnlich<\/h4>\n<p><strong>1.\u00a0 BSV\u00a0 Spittal\u00a0 I (\u00a0 Platzer,\u00a0 Lackner, Pirker-Fr\u00fchauf, Van Kessenich)<\/strong><\/p>\n<p>2.\u00a0 Rettet das Kind\u00a0 II\u00a0\u00a0\u00a0\u00a0 (Pucher , Pabst, \u00a0\u00a0\u00a0Haissl,\u00a0\u00a0 Auer)<\/p>\n<p>3.\u00a0 Rettet das Kind Seebach\u00a0 I\u00a0\u00a0 ( Schrempf, Genser , Pirker,\u00a0 Oberwinkler)<\/p>\n<h4>4 x 50 m Freistil \u00a0Staffel :\u00a0 weiblich<\/h4>\n<p><strong>1.\u00a0 Wasserfrosch\u00a0 ( Stuppacher, Wohlfahrt, Hudelist, Kohlweiss)<\/strong><\/p>\n<p>2.\u00a0 Lebenshilfe Spittal\u00a0 ( Groger, Koch, Adenberger, Guggenberger)<\/p>\n<p>3.\u00a0 Rettet das Kind\u00a0\u00a0 I (Rindler,\u00a0 Otzakovic, Egger Judith, Caroline HERMANN.)<\/p>\n<p>&nbsp;<\/p>\n<h4>K\u00f6rperbehinderung<\/h4>\n<h4><div class='one_half'>\r\n\t\t\t\t\tM\u00e4nnlich\r\n\t\t\t\t<\/div><div class='one_half last'>\r\n\t\t\t\t\tWeiblich\r\n\t\t\t\t<\/div><div class='clear'><\/div><\/h4>\n<h4><div class='one_half'>\r\n\t\t\t\t\tAllgem. Klasse:\r\n\t\t\t\t<\/div><div class='one_half last'>\r\n\t\t\t\t\tAllgem. Klasse\r\n\t\t\t\t<\/div><div class='clear'><\/div><\/h4>\n<p><strong><div class='one_half'>\r\n\t\t\t\t\t1.\u00a0 Josef\u00a0 STEINACHER\r\n\t\t\t\t<\/div><div class='one_half last'>\r\n\t\t\t\t\t1.\u00a0\u00a0 Eva\u00a0 SLAMNIG\r\n\t\t\t\t<\/div><div class='clear'><\/div><\/strong><br \/>\n<div class='one_half'>\r\n\t\t\t\t\t2. \u00a0Martin\u00a0 MORGENSTERN\r\n\t\t\t\t<\/div><div class='one_half last'>\r\n\t\t\t\t\t2.\u00a0 Gerhild\u00a0 HUBER\r\n\t\t\t\t<\/div><div class='clear'><\/div><br \/>\n<div class='one_half'>\r\n\t\t\t\t\t3.\u00a0 Martin\u00a0\u00a0 VRZAL\r\n\t\t\t\t<\/div><div class='one_half last'>\r\n\t\t\t\t\t3.\u00a0 Manuela\u00a0 D\u00dcRNEGGER\r\n\t\t\t\t<\/div><div class='clear'><\/div><\/p>\n<p><div class='one_half'>\r\n\t\t\t\t\tJugend:\r\n\t\t\t\t<\/div><div class='one_half last'>\r\n\t\t\t\t\tJugend:\r\n\t\t\t\t<\/div><div class='clear'><\/div><\/p>\n<p><strong><div class='one_half'>\r\n\t\t\t\t\t1.\u00a0 Philip\u00a0 HOCHENBERGER\r\n\t\t\t\t<\/div><div class='one_half last'>\r\n\t\t\t\t\t1. \u00a0\u00a0\u00a0Regina KRALL\r\n\t\t\t\t<\/div><div class='clear'><\/div><\/strong><\/p>\n<p><div class='one_half'>\r\n\t\t\t\t\tSch\u00fcler\r\n\t\t\t\t<\/div><div class='one_half last'>\r\n\t\t\t\t\tSch\u00fcler:\r\n\t\t\t\t<\/div><div class='clear'><\/div><\/p>\n<p><strong><div class='one_half'>\r\n\t\t\t\t\t1.\u00a0 Matthias AUSSERWINKLER\r\n\t\t\t\t<\/div><div class='one_half last'>\r\n\t\t\t\t\t1.\u00a0\u00a0 Lisa\u00a0\u00a0 SORNIG\r\n\t\t\t\t<\/div><div class='clear'><\/div><\/strong><br \/>\n<div class='one_half'>\r\n\t\t\t\t\t2. Lukas\u00a0\u00a0 PROHART\r\n\t\t\t\t<\/div><div class='one_half last'>\r\n\t\t\t\t\t2.\u00a0\u00a0 Anna Lena\u00a0 STOCKER\r\n\t\t\t\t<\/div><div class='clear'><\/div><br \/>\n<div class='one_half'>\r\n\t\t\t\t\t3. \u00a0Julian\u00a0\u00a0 K\u00d6STINGER\r\n\t\t\t\t<\/div><div class='one_half last'>\r\n\t\t\t\t\t\u00a0\r\n\t\t\t\t<\/div><div class='clear'><\/div><\/p>\n<p>&nbsp;<\/p>\n<p>Staffel:\u00a0 4 x 50 m Freistil \u00a0\u00a0 m\u00e4nnlich<\/p>\n<p><strong>1. \u00a0 BSV\u00a0\u00a0 Spittal\u00a0 I ( H\u00f6ssl , Vrzal , \u00a0Ausserwinkler,\u00a0 Hochenberger )<\/strong><\/p>\n<p>Staffel:\u00a0 4 x 50 m Freistil \u00a0 weiblich<\/p>\n<p><strong>1.\u00a0 BSV\u00a0 Spittal\u00a0\u00a0\u00a0 ( Krall, Sornig, Huber, Slamnig )<\/strong><\/p>\n<p>&nbsp;<\/p>\n<p>Der k\u00f6rperbehinderte Philip\u00a0\u00a0 HOCHENBERGER\u00a0 belegte\u00a0 mit\u00a0 30,31\u00a0 sek\u00a0\u00a0 \u00fcber\u00a0 50 m Freistil einen neuen \u00f6sterr. Jugendrekord\u00a0 und \u00fcber 50m Delphin\u00a0\u00a0 mit\u00a0 34,37\u00a0 einen neuen \u00d6sterr. Rekord in der Allgem. Klasse.<\/p>\n<p>Weiters belegte die k\u00f6rperbehinderte Manuela\u00a0 D\u00dcRNEGGER\u00a0 \u00fcber 100 m Brust einen neuen \u00f6sterr. Rekord.<\/p>\n<p>Caroline HERMANN\u00a0 schwamm \u00fcber 50 m und 100 m Brust einen neuen \u00f6sterr. Jugendrekord.<\/p>\n<p style=\"text-align: center;\">\u00a0<a href=\"http:\/\/bsvspittal.liland.at\/wp-content\/uploads\/2012\/09\/2010_19.jpg\"><img loading=\"lazy\" class=\"aligncenter size-full wp-image-2139\" title=\"2010_19\" src=\"http:\/\/bsvspittal.liland.at\/wp-content\/uploads\/2012\/09\/2010_19.jpg\" alt=\"\" width=\"300\" height=\"201\" srcset=\"http:\/\/bsvspittal.liland.at\/wp-content\/uploads\/2012\/09\/2010_19.jpg 300w, http:\/\/bsvspittal.liland.at\/wp-content\/uploads\/2012\/09\/2010_19-150x100.jpg 150w\" sizes=\"(max-width: 300px) 100vw, 300px\" \/><\/a><\/p>\n","protected":false},"excerpt":{"rendered":"<p>Eine noch nie dagewesene Teilnehmeranzahl von 78 Schwimmern zeigten bei den K\u00e4rntner Meisterschaften 2010\u00a0 im Hallenbad Spittal\/Drau (Drautal Perle) ihr K\u00f6nnen. Es nahmen auch G\u00e4ste vom BSV Wei\u00dfer Hof, Axams, BSV Innsbruck und VCA Salzburg teil. Die Siegerehrung wurde im Gasthaus Br\u00fcckenwirt durchgef\u00fchrt. Gewertet wurde nach der 1000 Punkte Tabelle. Bei der Ehrung wurde die [&hellip;]<\/p>\n","protected":false},"author":1,"featured_media":0,"comment_status":"open","ping_status":"open","sticky":false,"template":"","format":"standard","meta":[],"categories":[27],"tags":[],"_links":{"self":[{"href":"https:\/\/bsvspittal.liland.at\/index.php?rest_route=\/wp\/v2\/posts\/2127"}],"collection":[{"href":"https:\/\/bsvspittal.liland.at\/index.php?rest_route=\/wp\/v2\/posts"}],"about":[{"href":"https:\/\/bsvspittal.liland.at\/index.php?rest_route=\/wp\/v2\/types\/post"}],"author":[{"embeddable":true,"href":"https:\/\/bsvspittal.liland.at\/index.php?rest_route=\/wp\/v2\/users\/1"}],"replies":[{"embeddable":true,"href":"https:\/\/bsvspittal.liland.at\/index.php?rest_route=%2Fwp%2Fv2%2Fcomments&post=2127"}],"version-history":[{"count":14,"href":"https:\/\/bsvspittal.liland.at\/index.php?rest_route=\/wp\/v2\/posts\/2127\/revisions"}],"predecessor-version":[{"id":2142,"href":"https:\/\/bsvspittal.liland.at\/index.php?rest_route=\/wp\/v2\/posts\/2127\/revisions\/2142"}],"wp:attachment":[{"href":"https:\/\/bsvspittal.liland.at\/index.php?rest_route=%2Fwp%2Fv2%2Fmedia&parent=2127"}],"wp:term":[{"taxonomy":"category","embeddable":true,"href":"https:\/\/bsvspittal.liland.at\/index.php?rest_route=%2Fwp%2Fv2%2Fcategories&post=2127"},{"taxonomy":"post_tag","embeddable":true,"href":"https:\/\/bsvspittal.liland.at\/index.php?rest_route=%2Fwp%2Fv2%2Ftags&post=2127"}],"curies":[{"name":"wp","href":"https:\/\/api.w.org\/{rel}","templated":true}]}}