{"id":2228,"date":"2012-09-20T10:44:26","date_gmt":"2012-09-20T08:44:26","guid":{"rendered":"http:\/\/bsvspittal.liland.at\/?p=2228"},"modified":"2012-09-20T10:44:26","modified_gmt":"2012-09-20T08:44:26","slug":"salzburger-landesmeisterschaften-in-rif-am-17-03-2012","status":"publish","type":"post","link":"https:\/\/bsvspittal.liland.at\/?p=2228","title":{"rendered":"Salzburger Landesmeisterschaften in Rif am 17.03.2012"},"content":{"rendered":"<p>33\u00a0 aktive Schwimmer des Behindertensportvereines Spittal\/Drau, darunter 13 Jugendliche und Kinder, nahmen\u00a0 als G\u00e4ste\u00a0 am Wochenende an den\u00a0 Salzburger Landesmeisterschaften\u00a0 2012\u00a0\u00a0 im Hallenbad\u00a0 Rif\u00a0 teil.<\/p>\n<p>Der Wettkampf diente als \u00a0Test f\u00fcr die kommenden Wettk\u00e4mpfe und als \u00dcberpr\u00fcfung\u00a0 der \u00fcber den Winter geleisteten Trainingsarbeit.<\/p>\n<p>Bereits w\u00e4hrend der Fahrt mit dem Bus\u00a0 von Spittal\/Drau nach Salzburg war die Anspannung bei\u00a0 den Sportlern, Betreuern und Trainern sp\u00fcrbar.\u00a0 Besonders die Sch\u00fcler und Jugendlichen, die erstmals\u00a0 an einer derartigen Veranstaltung teilnahmen, konnten ihre Nervosit\u00e4t nicht verbergen.<\/p>\n<p>Trotz\u00a0starker Konkurrenz\u00a0 aus den anderen Bundesl\u00e4ndern (3 Paraolympics Teilnehmer waren am Start)\u00a0 konnte der BSV\u00a0 Spittal\/Drau zahlreiche Podestpl\u00e4tze erobern.<\/p>\n<p>In der Kinderwertung belegt\u00a0 Matthias AUSSERWINKLER \u00a0den 2. Platz und\u00a0 Michael SCHELLANDER \u00a0war mit dem 3. Platz erfolgreich.<\/p>\n<p>Klassensieger in der Jugendwertung wurden \u00a0Lisa\u00a0 SORNIG, Julia\u00a0 PLEIKNER, Anna Lena STOCKER\u00a0 und Michael\u00a0 SCHREMPF mit pers\u00f6nlichen Bestleistungen.<\/p>\n<p>In der allgemeinen Klasse\u00a0 der Damen gewann\u00a0 Andrea\u00a0 GUGGENBERGER\u00a0 die 100 m Freistil und sie belegte \u00fcber\u00a0 50 m Freistil und 50 m R\u00fccken den 2. Platz.<\/p>\n<p>Elisabeth KOCH\u00a0 kam \u00fcber 50 m und 100 m Brust jeweils auf den 2. Platz.<\/p>\n<p>Susanne K\u00dcHSCHWEIGER\u00a0 konnte \u00fcber 100 m Freistil einen 3. Platz vorweisen.<\/p>\n<p>Bei den Herren\u00a0 gewann\u00a0 Philip\u00a0 HOCHENBERGER\u00a0 die\u00a0 50 m Freistil, die 50 m Delphin und die 400 m Freistil.\u00a0 \u00dcber 100 m\u00a0 Freistil belegte er den 2. Platz.<\/p>\n<p>Jakob\u00a0 PIRKER-FR\u00dcHAUF\u00a0 landete \u00fcber 50 m Brust auf den 2.Platz und \u00fcber 100 m Brust auf den 3. Platz.<\/p>\n<p>Gernot\u00a0 PLATZER\u00a0 erreichte\u00a0 \u00fcber 50 m und 100 m R\u00fccken\u00a0 jeweils den 3. Platz.<\/p>\n<p>Den Staffelbewerb\u00a0 der Damen \u00fcber 4 x 50 m Freistil gewannen\u00a0 Susanne K\u00dcHSCHWEIGER, Elisabeth KOCH,\u00a0 Julia\u00a0 PLEIKNER\u00a0 und\u00a0 Andrea\u00a0 GUGGENBERGER.<\/p>\n<p>Die Herrenstaffel\u00a0 mit\u00a0 Jakob\u00a0 PIRKER-FR\u00dcHAUF,\u00a0 Michael\u00a0 SCHREMPF,\u00a0 Amadeo VAN KESSENICH\u00a0 und Gernot\u00a0 PLATZER\u00a0 belegte den 2. Platz<\/p>\n<p>14\u00a0 Schwimmer des BSV\u00a0 Spittal\/Drau konnten sich f\u00fcr die Anfang Mai\u00a0 in Dornbirn stattfindenden\u00a0 \u00d6sterr. Staatsmeisterschaften\u00a0 2012\u00a0 qualifizieren.<\/p>\n<p><a href=\"http:\/\/bsvspittal.liland.at\/?attachment_id=2230\" rel=\"attachment wp-att-2230\"><img loading=\"lazy\" class=\"alignleft size-thumbnail wp-image-2230\" title=\"2012_4\" src=\"http:\/\/bsvspittal.liland.at\/wp-content\/uploads\/2012\/09\/2012_4-150x112.jpg\" alt=\"\" width=\"150\" height=\"112\" srcset=\"http:\/\/bsvspittal.liland.at\/wp-content\/uploads\/2012\/09\/2012_4-150x112.jpg 150w, http:\/\/bsvspittal.liland.at\/wp-content\/uploads\/2012\/09\/2012_4-300x225.jpg 300w, http:\/\/bsvspittal.liland.at\/wp-content\/uploads\/2012\/09\/2012_4.jpg 600w\" sizes=\"(max-width: 150px) 100vw, 150px\" \/><\/a><a href=\"http:\/\/bsvspittal.liland.at\/?attachment_id=2231\" rel=\"attachment wp-att-2231\"><img loading=\"lazy\" class=\"alignright size-thumbnail wp-image-2231\" title=\"2012_5\" src=\"http:\/\/bsvspittal.liland.at\/wp-content\/uploads\/2012\/09\/2012_5-150x112.jpg\" alt=\"\" width=\"150\" height=\"112\" srcset=\"http:\/\/bsvspittal.liland.at\/wp-content\/uploads\/2012\/09\/2012_5-150x112.jpg 150w, http:\/\/bsvspittal.liland.at\/wp-content\/uploads\/2012\/09\/2012_5-300x225.jpg 300w, http:\/\/bsvspittal.liland.at\/wp-content\/uploads\/2012\/09\/2012_5.jpg 600w\" sizes=\"(max-width: 150px) 100vw, 150px\" \/><\/a><\/p>\n","protected":false},"excerpt":{"rendered":"<p>33\u00a0 aktive Schwimmer des Behindertensportvereines Spittal\/Drau, darunter 13 Jugendliche und Kinder, nahmen\u00a0 als G\u00e4ste\u00a0 am Wochenende an den\u00a0 Salzburger Landesmeisterschaften\u00a0 2012\u00a0\u00a0 im Hallenbad\u00a0 Rif\u00a0 teil. Der Wettkampf diente als \u00a0Test f\u00fcr die kommenden Wettk\u00e4mpfe und als \u00dcberpr\u00fcfung\u00a0 der \u00fcber den Winter geleisteten Trainingsarbeit. Bereits w\u00e4hrend der Fahrt mit dem Bus\u00a0 von Spittal\/Drau nach Salzburg war [&hellip;]<\/p>\n","protected":false},"author":1,"featured_media":0,"comment_status":"open","ping_status":"open","sticky":false,"template":"","format":"standard","meta":[],"categories":[25],"tags":[],"_links":{"self":[{"href":"https:\/\/bsvspittal.liland.at\/index.php?rest_route=\/wp\/v2\/posts\/2228"}],"collection":[{"href":"https:\/\/bsvspittal.liland.at\/index.php?rest_route=\/wp\/v2\/posts"}],"about":[{"href":"https:\/\/bsvspittal.liland.at\/index.php?rest_route=\/wp\/v2\/types\/post"}],"author":[{"embeddable":true,"href":"https:\/\/bsvspittal.liland.at\/index.php?rest_route=\/wp\/v2\/users\/1"}],"replies":[{"embeddable":true,"href":"https:\/\/bsvspittal.liland.at\/index.php?rest_route=%2Fwp%2Fv2%2Fcomments&post=2228"}],"version-history":[{"count":3,"href":"https:\/\/bsvspittal.liland.at\/index.php?rest_route=\/wp\/v2\/posts\/2228\/revisions"}],"predecessor-version":[{"id":2233,"href":"https:\/\/bsvspittal.liland.at\/index.php?rest_route=\/wp\/v2\/posts\/2228\/revisions\/2233"}],"wp:attachment":[{"href":"https:\/\/bsvspittal.liland.at\/index.php?rest_route=%2Fwp%2Fv2%2Fmedia&parent=2228"}],"wp:term":[{"taxonomy":"category","embeddable":true,"href":"https:\/\/bsvspittal.liland.at\/index.php?rest_route=%2Fwp%2Fv2%2Fcategories&post=2228"},{"taxonomy":"post_tag","embeddable":true,"href":"https:\/\/bsvspittal.liland.at\/index.php?rest_route=%2Fwp%2Fv2%2Ftags&post=2228"}],"curies":[{"name":"wp","href":"https:\/\/api.w.org\/{rel}","templated":true}]}}