{"id":2386,"date":"2013-04-22T13:58:50","date_gmt":"2013-04-22T11:58:50","guid":{"rendered":"http:\/\/bsvspittal.liland.at\/?p=2386"},"modified":"2013-04-23T09:57:07","modified_gmt":"2013-04-23T07:57:07","slug":"aplpen-adria-schwimm-meeting-2013","status":"publish","type":"post","link":"https:\/\/bsvspittal.liland.at\/?p=2386","title":{"rendered":"20. ALPEN-ADRIA  Schwimm-Meeting f\u00fcr Sportler mit Handicap am 20.04.2013 in Spittal\/Drau"},"content":{"rendered":"<p style=\"text-align: justify;\">Die international\u00a0 sicherlich\u00a0 gr\u00f6sste Schwimmveranstaltung f\u00fcr Behinderte aller Klassen (Mental-, K\u00f6rper-, H\u00f6r- und Sehbehinderung)\u00a0 im Alpen Adria Raum war auch heuer wieder ein voller Erfolg.<br \/>\n120\u00a0 Teilnehmer\u00a0 aus Kroatien, Slowenien, Deutschland, Ungarn\u00a0 und \u00d6sterreich \u00a0stellten sich der Herausforderung.<\/p>\n<p style=\"text-align: justify;\"><a title=\"Phillip Hochenberger\" href=\"http:\/\/bsvspittal.liland.at\/wp-content\/uploads\/2013\/04\/Philip_1.jpg\" rel=\"attachment wp-att-2401\" target=\"_blank\"><img loading=\"lazy\" class=\"alignleft size-full wp-image-2401\" style=\"margin-top: 0px; margin-bottom: 0px;\" title=\"Philip kl\" src=\"http:\/\/bsvspittal.liland.at\/wp-content\/uploads\/2013\/04\/Philip_1_kl.jpg\" alt=\"Kleines Bild Phillip\" width=\"250\" height=\"167\" srcset=\"http:\/\/bsvspittal.liland.at\/wp-content\/uploads\/2013\/04\/Philip_1_kl.jpg 250w, http:\/\/bsvspittal.liland.at\/wp-content\/uploads\/2013\/04\/Philip_1_kl-150x100.jpg 150w\" sizes=\"(max-width: 250px) 100vw, 250px\" \/><\/a>Der Lokalmatador des BSV\u00a0 Spittal\/Drau\u00a0 <strong>Philip HOCHENBERGER<\/strong> (Klasse S9) gewann die 50 m und 400 m Freistil, wurde \u00fcber 100 m Freistil und 50 m R\u00fccken Zweiter und belegt in der <strong>Gesamtwertung<\/strong> hinter \u00a0den slowenischen Paralympic-Teilnehmer\u00a0 <strong>Darko DURIC\u00a0\u00a0\u00a0\u00a0\u00a0 <\/strong>(Klasse S4)\u00a0 den \u00a0<strong>2. Platz<\/strong>.<\/p>\n<p style=\"text-align: justify;\">Der Nieder\u00f6sterreicher\u00a0 <strong>Stephan SARMA<\/strong> (Klasse S 6) stellte \u00fcber 50 m R\u00fccken, 100 m Freistil\u00a0 und\u00a0\u00a0\u00a0 100 m R\u00fccken\u00a0 einen neuen \u00d6sterreichischen Rekord auf.\u00a0 Auch <strong>Georg<\/strong>\u00a0 <strong>OBERLERCHNER<\/strong>\u00a0\u00a0 (Klasse SB 6)\u00a0 gelang \u00fcber 50 m Brust ein neuer \u00d6sterr. Rekord.<\/p>\n<p style=\"text-align: justify;\"><a title=\"Martin schwimmt\" href=\"http:\/\/bsvspittal.liland.at\/wp-content\/uploads\/2013\/04\/Martin_schwimmen.jpg\" rel=\"attachment wp-att-2399\" target=\"_blank\"><img loading=\"lazy\" class=\"alignright size-full wp-image-2399\" title=\"Martin schwimmen kl\" src=\"http:\/\/bsvspittal.liland.at\/wp-content\/uploads\/2013\/04\/Martin_schwimmen_kl.jpg\" alt=\"Kleines Bild Martin Schwimmen\" width=\"250\" height=\"167\" srcset=\"http:\/\/bsvspittal.liland.at\/wp-content\/uploads\/2013\/04\/Martin_schwimmen_kl.jpg 250w, http:\/\/bsvspittal.liland.at\/wp-content\/uploads\/2013\/04\/Martin_schwimmen_kl-150x100.jpg 150w\" sizes=\"(max-width: 250px) 100vw, 250px\" \/><\/a>Bei den Damen belegte\u00a0 Andrea GUGGENBERGER\u00a0 des BSV\u00a0 Spittal\/Drau\u00a0 \u00fcber 50 m Freistil, 50 m R\u00fccken und\u00a0 100 m Freistil\u00a0 den 2. Platz.\u00a0 In der <strong>Gesamtwertung \u00a0<\/strong>bei den Damen<strong> <\/strong>landete sie hinter 3 kroatischen Schwimmerinnen auf den ausgezeichneten <strong>4. Platz<\/strong>. Weitere Platzierungen unter den TOP-F\u00fcnf\u00a0 belegten\u00a0 Elisabeth KOCH, Lisa SORNIG, Stefanie RAUTER, Anna Lena STOCKER, Julia\u00a0 PLEIKNER, Gernot PLATZER \u00a0und Matthias AUSSERWINKLER \u00a0des BSV\u00a0 Spittal\/Drau.<\/p>\n<p style=\"text-align: justify;\"><a title=\"Sieger der Herren\" href=\"http:\/\/bsvspittal.liland.at\/wp-content\/uploads\/2013\/04\/Sieger_Herren.jpg\" rel=\"attachment wp-att-2403\" target=\"_blank\"><img loading=\"lazy\" class=\"alignleft size-full wp-image-2403\" title=\"Sieger Herren kl\" src=\"http:\/\/bsvspittal.liland.at\/wp-content\/uploads\/2013\/04\/Sieger_Herren_kl.jpg\" alt=\"Kleines Bild Sieger Herren\" width=\"250\" height=\"167\" srcset=\"http:\/\/bsvspittal.liland.at\/wp-content\/uploads\/2013\/04\/Sieger_Herren_kl.jpg 250w, http:\/\/bsvspittal.liland.at\/wp-content\/uploads\/2013\/04\/Sieger_Herren_kl-150x100.jpg 150w\" sizes=\"(max-width: 250px) 100vw, 250px\" \/><\/a>Die Auswertung erfolgte im Integrativsystem nach der 1000 Punktetabelle.<\/p>\n<p style=\"text-align: justify;\">Erfreulich war die Teilnahme von\u00a0 50 Sch\u00fcler und Jugendlichen, die beachtliche Leistungen erbrachten.<\/p>\n<p>Die Abendveranstaltung und Siegerehrung\u00a0 fand im Stadtsaal der Stadtgemeinde Spittal\/Drau statt, wo sich nach Beendigung der Bewerbe\u00a0 200\u00a0 Sportler\u00a0 und G\u00e4ste\u00a0 einfanden und vom Gastronomiebetrieb Speckland BRUNNER\u00a0 ausgezeichnet verk\u00f6stigt wurden. \u00a0Eine Band sorgte f\u00fcr die feierliche Umrahmung und heizte die Stimmung an.<\/p>\n<p><a title=\"Politik bei Er\u00f6ffnung und Siegerehrung\" href=\"http:\/\/bsvspittal.liland.at\/wp-content\/uploads\/2013\/04\/Er\u00f6ffnung_Politik.jpg\" rel=\"attachment wp-att-2397\" target=\"_blank\"><img loading=\"lazy\" class=\"alignright size-full wp-image-2397\" title=\"Er\u00f6ffnung Politik kl\" src=\"http:\/\/bsvspittal.liland.at\/wp-content\/uploads\/2013\/04\/Er\u00f6ffnung_Politik_kl.jpg\" alt=\"Kleines Bild Er\u00f6ffnung schwimmen\" width=\"250\" height=\"168\" srcset=\"http:\/\/bsvspittal.liland.at\/wp-content\/uploads\/2013\/04\/Er\u00f6ffnung_Politik_kl.jpg 250w, http:\/\/bsvspittal.liland.at\/wp-content\/uploads\/2013\/04\/Er\u00f6ffnung_Politik_kl-150x100.jpg 150w\" sizes=\"(max-width: 250px) 100vw, 250px\" \/><\/a>Die Siegerehrung wurde\u00a0 vom\u00a0 Landtagsabgeordneten Christoph STAUDACHER,\u00a0 Vizeb\u00fcrgermeister Mag. Herbert HAUPT,\u00a0 Stadtrat\u00a0 Mag. Robert STADLER und den Gemeinder\u00e4ten\u00a0 Gerhard PIRIH\u00a0 und Peter SANTER\u00a0 durchgef\u00fchrt, die auch die Sportveranstaltung im Hallenbad Spittal\/Drau er\u00f6ffneten und die Bewerbe mit Begeisterung verfolgten.<\/p>\n<p>Dank der\u00a0 Mithilfe zahlreicher Eltern von\u00a0 Schwimmern des Behindertensportvereines Spittal\/Drau, \u00a0der Wasserrettung \u00a0FERNDORF, dem unerm\u00fcdlichen Einsatz des Ehrenpr\u00e4sidenten Reinhold SABERNIG und des Obmannes Klaus\u00a0 H\u00d6SSL, der guten Organisation und Planung durch die Trainer\u00a0 Hanni\u00a0 GLANZNIG\u00a0 und Werner STEINDL, der gro\u00dfz\u00fcgigen Unterst\u00fctzung\u00a0 durch die Wirtschaft, den \u00a0vielen G\u00f6nnern des\u00a0 Vereines und der Stadtgemeinde Spittal\/Drau, war es auch heuer wieder m\u00f6glich, eine Gro\u00dfveranstaltung in Spittal\/Drau f\u00fcr beeintr\u00e4chtigte Schwimmsportler durchzuf\u00fchren.<\/p>\n<p>Hier gibt es die Ergebnislisten der Alpenadria Schwimm Meetings 2013:<\/p>\n<p>Die Liste der Ergebnisse nach Punkten kann man <a title=\"Ergebnisliste Alpen Adria Schwinn Meeting 2013\" href=\"http:\/\/bsvspittal.liland.at\/wp-content\/uploads\/2013\/04\/Alpen-Adria-2013_Ergebnisliste.pdf\" target=\"_blank\">hier ansehen<\/a>.<br \/>\nDie Resultate der Staffel sind <a title=\"Ergebnisliste Staffel Alpe Adria Schwimm Meeting 2013\" href=\"http:\/\/bsvspittal.liland.at\/wp-content\/uploads\/2013\/04\/Alpen-Adria-2013_Ergebnisliste_Staffeln.pdf\" target=\"_blank\">hier abrufbar<\/a>.<\/p>\n","protected":false},"excerpt":{"rendered":"<p>Die international\u00a0 sicherlich\u00a0 gr\u00f6sste Schwimmveranstaltung f\u00fcr Behinderte aller Klassen (Mental-, K\u00f6rper-, H\u00f6r- und Sehbehinderung)\u00a0 im Alpen Adria Raum war auch heuer wieder ein voller Erfolg. 120\u00a0 Teilnehmer\u00a0 aus Kroatien, Slowenien, Deutschland, Ungarn\u00a0 und \u00d6sterreich \u00a0stellten sich der Herausforderung. Der Lokalmatador des BSV\u00a0 Spittal\/Drau\u00a0 Philip HOCHENBERGER (Klasse S9) gewann die 50 m und 400 m Freistil, [&hellip;]<\/p>\n","protected":false},"author":1,"featured_media":2399,"comment_status":"open","ping_status":"open","sticky":false,"template":"","format":"standard","meta":[],"categories":[28],"tags":[],"_links":{"self":[{"href":"https:\/\/bsvspittal.liland.at\/index.php?rest_route=\/wp\/v2\/posts\/2386"}],"collection":[{"href":"https:\/\/bsvspittal.liland.at\/index.php?rest_route=\/wp\/v2\/posts"}],"about":[{"href":"https:\/\/bsvspittal.liland.at\/index.php?rest_route=\/wp\/v2\/types\/post"}],"author":[{"embeddable":true,"href":"https:\/\/bsvspittal.liland.at\/index.php?rest_route=\/wp\/v2\/users\/1"}],"replies":[{"embeddable":true,"href":"https:\/\/bsvspittal.liland.at\/index.php?rest_route=%2Fwp%2Fv2%2Fcomments&post=2386"}],"version-history":[{"count":7,"href":"https:\/\/bsvspittal.liland.at\/index.php?rest_route=\/wp\/v2\/posts\/2386\/revisions"}],"predecessor-version":[{"id":2392,"href":"https:\/\/bsvspittal.liland.at\/index.php?rest_route=\/wp\/v2\/posts\/2386\/revisions\/2392"}],"wp:featuredmedia":[{"embeddable":true,"href":"https:\/\/bsvspittal.liland.at\/index.php?rest_route=\/wp\/v2\/media\/2399"}],"wp:attachment":[{"href":"https:\/\/bsvspittal.liland.at\/index.php?rest_route=%2Fwp%2Fv2%2Fmedia&parent=2386"}],"wp:term":[{"taxonomy":"category","embeddable":true,"href":"https:\/\/bsvspittal.liland.at\/index.php?rest_route=%2Fwp%2Fv2%2Fcategories&post=2386"},{"taxonomy":"post_tag","embeddable":true,"href":"https:\/\/bsvspittal.liland.at\/index.php?rest_route=%2Fwp%2Fv2%2Ftags&post=2386"}],"curies":[{"name":"wp","href":"https:\/\/api.w.org\/{rel}","templated":true}]}}