{"id":2767,"date":"2016-03-29T09:12:05","date_gmt":"2016-03-29T07:12:05","guid":{"rendered":"http:\/\/bsvspittal.liland.at\/?p=2767"},"modified":"2016-03-29T09:15:48","modified_gmt":"2016-03-29T07:15:48","slug":"stark-in-der-jugendarbeit","status":"publish","type":"post","link":"https:\/\/bsvspittal.liland.at\/?p=2767","title":{"rendered":"Stark in der Jugendarbeit"},"content":{"rendered":"<p>Das der \u00d6sterreichische Behindertensportverein die Jugendarbeit unseres Vereines sch\u00e4tzt, wurde auch heuer wieder eindeutig unter Beweis gestellt.<\/p>\n<p>&nbsp;<\/p>\n<p>So wurden von einer Jury\u00a0 des \u00d6BSV\u00a0 bei der Wahl zum <strong>Nachwuchssportler f\u00fcr 2015<\/strong><\/p>\n<p>&nbsp;<\/p>\n<p>die k\u00f6rperlich beeintr\u00e4chtigte\u00a0 Lisa\u00a0 <strong>SORNIG<\/strong>, die bereits\u00a0 von 2011 \u2013 2013\u00a0 als beste Nachwuchssportlerin gew\u00e4hlt wurde, auf den <strong>dritten Platz<\/strong>\u00a0\u00a0\u00a0 und<\/p>\n<p>&nbsp;<\/p>\n<p>der mental beeintr\u00e4chtigte\u00a0 Kevin\u00a0 <strong>KOHLWEISS\u00a0 <\/strong>auf den zweiten Platz\u00a0 gew\u00e4hlt.<\/p>\n<p>&nbsp;<\/p>\n<p style=\"text-align: center;\"><a href=\"http:\/\/bsvspittal.liland.at\/wp-content\/uploads\/2016\/03\/Lisa-u.-Kavin1.jpg\"><img loading=\"lazy\" class=\"aligncenter  wp-image-2771\" title=\"Lisa u. Kavin\" src=\"http:\/\/bsvspittal.liland.at\/wp-content\/uploads\/2016\/03\/Lisa-u.-Kavin1-774x1024.jpg\" alt=\"\" width=\"464\" height=\"614\" srcset=\"http:\/\/bsvspittal.liland.at\/wp-content\/uploads\/2016\/03\/Lisa-u.-Kavin1-774x1024.jpg 774w, http:\/\/bsvspittal.liland.at\/wp-content\/uploads\/2016\/03\/Lisa-u.-Kavin1-113x150.jpg 113w, http:\/\/bsvspittal.liland.at\/wp-content\/uploads\/2016\/03\/Lisa-u.-Kavin1-226x300.jpg 226w\" sizes=\"(max-width: 464px) 100vw, 464px\" \/><\/a><\/p>\n","protected":false},"excerpt":{"rendered":"<p>Das der \u00d6sterreichische Behindertensportverein die Jugendarbeit unseres Vereines sch\u00e4tzt, wurde auch heuer wieder eindeutig unter Beweis gestellt. &nbsp; So wurden von einer Jury\u00a0 des \u00d6BSV\u00a0 bei der Wahl zum Nachwuchssportler f\u00fcr 2015 &nbsp; die k\u00f6rperlich beeintr\u00e4chtigte\u00a0 Lisa\u00a0 SORNIG, die bereits\u00a0 von 2011 \u2013 2013\u00a0 als beste Nachwuchssportlerin gew\u00e4hlt wurde, auf den dritten Platz\u00a0\u00a0\u00a0 und &nbsp; [&hellip;]<\/p>\n","protected":false},"author":1,"featured_media":0,"comment_status":"open","ping_status":"open","sticky":false,"template":"","format":"standard","meta":[],"categories":[34],"tags":[],"_links":{"self":[{"href":"https:\/\/bsvspittal.liland.at\/index.php?rest_route=\/wp\/v2\/posts\/2767"}],"collection":[{"href":"https:\/\/bsvspittal.liland.at\/index.php?rest_route=\/wp\/v2\/posts"}],"about":[{"href":"https:\/\/bsvspittal.liland.at\/index.php?rest_route=\/wp\/v2\/types\/post"}],"author":[{"embeddable":true,"href":"https:\/\/bsvspittal.liland.at\/index.php?rest_route=\/wp\/v2\/users\/1"}],"replies":[{"embeddable":true,"href":"https:\/\/bsvspittal.liland.at\/index.php?rest_route=%2Fwp%2Fv2%2Fcomments&post=2767"}],"version-history":[{"count":5,"href":"https:\/\/bsvspittal.liland.at\/index.php?rest_route=\/wp\/v2\/posts\/2767\/revisions"}],"predecessor-version":[{"id":2774,"href":"https:\/\/bsvspittal.liland.at\/index.php?rest_route=\/wp\/v2\/posts\/2767\/revisions\/2774"}],"wp:attachment":[{"href":"https:\/\/bsvspittal.liland.at\/index.php?rest_route=%2Fwp%2Fv2%2Fmedia&parent=2767"}],"wp:term":[{"taxonomy":"category","embeddable":true,"href":"https:\/\/bsvspittal.liland.at\/index.php?rest_route=%2Fwp%2Fv2%2Fcategories&post=2767"},{"taxonomy":"post_tag","embeddable":true,"href":"https:\/\/bsvspittal.liland.at\/index.php?rest_route=%2Fwp%2Fv2%2Ftags&post=2767"}],"curies":[{"name":"wp","href":"https:\/\/api.w.org\/{rel}","templated":true}]}}