{"id":2775,"date":"2016-03-29T09:22:28","date_gmt":"2016-03-29T07:22:28","guid":{"rendered":"http:\/\/bsvspittal.liland.at\/?p=2775"},"modified":"2016-03-29T09:22:28","modified_gmt":"2016-03-29T07:22:28","slug":"kevin-kohlweiss-teilnahme-an-dem-5-paralympischen-jugendcamp-in-rio-de-janeiro","status":"publish","type":"post","link":"https:\/\/bsvspittal.liland.at\/?p=2775","title":{"rendered":"Kevin  KOHLWEISS  &#8211; Teilnahme an dem 5. Paralympischen Jugendcamp  in Rio de Janeiro"},"content":{"rendered":"<p>Vom <strong>06.09. &#8211;\u00a0 15.09.2016<\/strong>\u00a0 findet in Rio de Janeiro\u00a0 das 5. Paralympische Jugendcamp des\u00a0 \u00f6sterr. Paralympischen Committees, im Rahmen der Paralympischen Sommerspiele, statt.<\/p>\n<p>&nbsp;<\/p>\n<p>Von einer Jury \u00a0wurden je nach erbrachten sportlichen Leistungen\u00a0 7\u00a0 jugendliche Behindertensportler aus \u00d6sterreich ausgew\u00e4hlt, die daran teilnehmen k\u00f6nnen.<\/p>\n<p>&nbsp;<\/p>\n<p>Kevin\u00a0 <strong>KOHLWEISS<\/strong>\u00a0 unseres Vereines\u00a0 ist einer der\u00a0 7 \u00a0\u00a0Sportler.<\/p>\n<p>&nbsp;<\/p>\n<p>Kevin absolviert beim ABC Service&amp;Produktion GmbH in Villach Landskron eine Anlehre als G\u00e4rtner. Kevin ist 18 Jahre alt und betreibt seit seiner Kindheit den Schwimmsport. Er ist sehr talentiert und trainiert\u00a0 seit 2015 auch Leichtathletik.\u00a0 Kevin hat eine mentale Beeintr\u00e4chtigung und seit seiner Geburt auch eine Hemiparese und Hemiplegie links, handbetont.<\/p>\n<p>&nbsp;<\/p>\n<p>Kevin wurde 2015 \u00f6sterr. Staatsmeister im Laufen \u00fcber 100 m, 200 m, 400 m und auch im Weitsprung. Im Schwimmen ist er mehrfacher\u00a0 \u00f6sterr. Jugendmeister und h\u00e4lt auch den \u00f6sterr. Rekord \u00fcber 50 m Brust.<\/p>\n<p>&nbsp;<\/p>\n<p><a href=\"http:\/\/bsvspittal.liland.at\/wp-content\/uploads\/2016\/03\/Kevin.jpg\"><img loading=\"lazy\" class=\"aligncenter size-large wp-image-2776\" title=\"Kevin\" src=\"http:\/\/bsvspittal.liland.at\/wp-content\/uploads\/2016\/03\/Kevin-1024x768.jpg\" alt=\"\" width=\"1024\" height=\"768\" srcset=\"http:\/\/bsvspittal.liland.at\/wp-content\/uploads\/2016\/03\/Kevin-1024x768.jpg 1024w, http:\/\/bsvspittal.liland.at\/wp-content\/uploads\/2016\/03\/Kevin-150x112.jpg 150w, http:\/\/bsvspittal.liland.at\/wp-content\/uploads\/2016\/03\/Kevin-300x225.jpg 300w, http:\/\/bsvspittal.liland.at\/wp-content\/uploads\/2016\/03\/Kevin.jpg 2048w\" sizes=\"(max-width: 1024px) 100vw, 1024px\" \/><\/a><\/p>\n","protected":false},"excerpt":{"rendered":"<p>Vom 06.09. &#8211;\u00a0 15.09.2016\u00a0 findet in Rio de Janeiro\u00a0 das 5. Paralympische Jugendcamp des\u00a0 \u00f6sterr. Paralympischen Committees, im Rahmen der Paralympischen Sommerspiele, statt. &nbsp; Von einer Jury \u00a0wurden je nach erbrachten sportlichen Leistungen\u00a0 7\u00a0 jugendliche Behindertensportler aus \u00d6sterreich ausgew\u00e4hlt, die daran teilnehmen k\u00f6nnen. &nbsp; Kevin\u00a0 KOHLWEISS\u00a0 unseres Vereines\u00a0 ist einer der\u00a0 7 \u00a0\u00a0Sportler. &nbsp; Kevin [&hellip;]<\/p>\n","protected":false},"author":1,"featured_media":0,"comment_status":"open","ping_status":"open","sticky":false,"template":"","format":"standard","meta":[],"categories":[34],"tags":[],"_links":{"self":[{"href":"https:\/\/bsvspittal.liland.at\/index.php?rest_route=\/wp\/v2\/posts\/2775"}],"collection":[{"href":"https:\/\/bsvspittal.liland.at\/index.php?rest_route=\/wp\/v2\/posts"}],"about":[{"href":"https:\/\/bsvspittal.liland.at\/index.php?rest_route=\/wp\/v2\/types\/post"}],"author":[{"embeddable":true,"href":"https:\/\/bsvspittal.liland.at\/index.php?rest_route=\/wp\/v2\/users\/1"}],"replies":[{"embeddable":true,"href":"https:\/\/bsvspittal.liland.at\/index.php?rest_route=%2Fwp%2Fv2%2Fcomments&post=2775"}],"version-history":[{"count":1,"href":"https:\/\/bsvspittal.liland.at\/index.php?rest_route=\/wp\/v2\/posts\/2775\/revisions"}],"predecessor-version":[{"id":2777,"href":"https:\/\/bsvspittal.liland.at\/index.php?rest_route=\/wp\/v2\/posts\/2775\/revisions\/2777"}],"wp:attachment":[{"href":"https:\/\/bsvspittal.liland.at\/index.php?rest_route=%2Fwp%2Fv2%2Fmedia&parent=2775"}],"wp:term":[{"taxonomy":"category","embeddable":true,"href":"https:\/\/bsvspittal.liland.at\/index.php?rest_route=%2Fwp%2Fv2%2Fcategories&post=2775"},{"taxonomy":"post_tag","embeddable":true,"href":"https:\/\/bsvspittal.liland.at\/index.php?rest_route=%2Fwp%2Fv2%2Ftags&post=2775"}],"curies":[{"name":"wp","href":"https:\/\/api.w.org\/{rel}","templated":true}]}}