{"id":2892,"date":"2018-01-02T14:22:57","date_gmt":"2018-01-02T13:22:57","guid":{"rendered":"http:\/\/bsvspittal.liland.at\/?p=2892"},"modified":"2018-01-02T14:24:41","modified_gmt":"2018-01-02T13:24:41","slug":"weihnachts-und-jahresabschlussfeier-2017","status":"publish","type":"post","link":"https:\/\/bsvspittal.liland.at\/?p=2892","title":{"rendered":"Weihnachts- und Jahresabschlussfeier  2017"},"content":{"rendered":"<p><strong>Weihnachts- und Jahresabschlussfeier 2017<\/strong><\/p>\n<p><strong>am 15.12.2017 im Pfarrsaal Spittal\/Drau<\/strong><\/p>\n<p>Wie jedes Jahr wurde von einem kleinen Kreis der Mitglieder<\/p>\n<p>des Behindertensportvereines Spittal\/Drau der Pfarrsaal in<\/p>\n<p>Spittal\/Drau weihnachtlich dekoriert und darin eine stimmungsvolle<\/p>\n<p>Weihnachts- und Jahresabschlussfeier durchgef\u00fchrt. Insgesamt 90<\/p>\n<p>Sportler, Eltern und geladene G\u00e4ste bestaunten die sch\u00f6ne Dekoration und<\/p>\n<p>konnten sich so auf\u00a0\u00a0 die Weihnachtszeit einstimmen.<\/p>\n<p>Umrahmt wurde die Feier mit Harfe, 2 Hackbrettern und 1 Cello einer jungen Musikgruppe aus Rennweg, dem Gesangsduo\u00a0 Silvia und Gisela,\u00a0 und\u00a0 Hanni, die Weihnachtsgedichte zum Besten gab.<\/p>\n<p>Nach einem kurzen Jahresr\u00fcckblick \u00fcber die sportlichen Ereignisse des Vereines und einer kleinen Belohnung der Sportler f\u00fcr Ihre Leistungen wurden vom Vizeb\u00fcrgermeister der Stadt Spittal\/Drau, Ing. Andreas UNTERRIEDER,<\/p>\n<p>die Sportler\u00a0\u00a0 Philip HOCHENBERGER, Kevin KOHLWEISS, Michael SCHELLANDER, Lukas PROHART, Martin MORGENSTERN, Anna Lena STOCKER\u00a0 und Lisa SORNIG, die im Jahr 2017 bei Staatsmeisterschaften\u00a0 einen oder mehrere Staatsmeistertitel errangen, mit dem <strong>goldenen Verdienstabzeichen der Stadt Spittal\/Drau<\/strong> ausgezeichnet.<\/p>\n<p>Speis und Trank lie\u00df die Feier nach einem gem\u00fctlichen Beisammensein ausklingen.<\/p>\n<div id=\"attachment_2894\" style=\"width: 310px\" class=\"wp-caption alignleft\"><img aria-describedby=\"caption-attachment-2894\" loading=\"lazy\" class=\"size-medium wp-image-2894\" src=\"http:\/\/bsvspittal.liland.at\/wp-content\/uploads\/2018\/01\/IMG_0495-300x225.jpg\" alt=\"\" width=\"300\" height=\"225\" srcset=\"http:\/\/bsvspittal.liland.at\/wp-content\/uploads\/2018\/01\/IMG_0495-300x225.jpg 300w, http:\/\/bsvspittal.liland.at\/wp-content\/uploads\/2018\/01\/IMG_0495-150x113.jpg 150w, http:\/\/bsvspittal.liland.at\/wp-content\/uploads\/2018\/01\/IMG_0495-768x576.jpg 768w, http:\/\/bsvspittal.liland.at\/wp-content\/uploads\/2018\/01\/IMG_0495-1024x768.jpg 1024w, http:\/\/bsvspittal.liland.at\/wp-content\/uploads\/2018\/01\/IMG_0495.jpg 2048w\" sizes=\"(max-width: 300px) 100vw, 300px\" \/><p id=\"caption-attachment-2894\" class=\"wp-caption-text\">Weihnachts- und Jahresabschlussfeier des BSV Spittal 2017<\/p><\/div>\n<p>&nbsp;<\/p>\n","protected":false},"excerpt":{"rendered":"<p>Weihnachts- und Jahresabschlussfeier 2017 am 15.12.2017 im Pfarrsaal Spittal\/Drau Wie jedes Jahr wurde von einem kleinen Kreis der Mitglieder des Behindertensportvereines Spittal\/Drau der Pfarrsaal in Spittal\/Drau weihnachtlich dekoriert und darin eine stimmungsvolle Weihnachts- und Jahresabschlussfeier durchgef\u00fchrt. Insgesamt 90 Sportler, Eltern und geladene G\u00e4ste bestaunten die sch\u00f6ne Dekoration und konnten sich so auf\u00a0\u00a0 die Weihnachtszeit einstimmen. [&hellip;]<\/p>\n","protected":false},"author":7,"featured_media":2894,"comment_status":"open","ping_status":"open","sticky":false,"template":"","format":"standard","meta":[],"categories":[37,38,4,19],"tags":[],"_links":{"self":[{"href":"https:\/\/bsvspittal.liland.at\/index.php?rest_route=\/wp\/v2\/posts\/2892"}],"collection":[{"href":"https:\/\/bsvspittal.liland.at\/index.php?rest_route=\/wp\/v2\/posts"}],"about":[{"href":"https:\/\/bsvspittal.liland.at\/index.php?rest_route=\/wp\/v2\/types\/post"}],"author":[{"embeddable":true,"href":"https:\/\/bsvspittal.liland.at\/index.php?rest_route=\/wp\/v2\/users\/7"}],"replies":[{"embeddable":true,"href":"https:\/\/bsvspittal.liland.at\/index.php?rest_route=%2Fwp%2Fv2%2Fcomments&post=2892"}],"version-history":[{"count":5,"href":"https:\/\/bsvspittal.liland.at\/index.php?rest_route=\/wp\/v2\/posts\/2892\/revisions"}],"predecessor-version":[{"id":2897,"href":"https:\/\/bsvspittal.liland.at\/index.php?rest_route=\/wp\/v2\/posts\/2892\/revisions\/2897"}],"wp:featuredmedia":[{"embeddable":true,"href":"https:\/\/bsvspittal.liland.at\/index.php?rest_route=\/wp\/v2\/media\/2894"}],"wp:attachment":[{"href":"https:\/\/bsvspittal.liland.at\/index.php?rest_route=%2Fwp%2Fv2%2Fmedia&parent=2892"}],"wp:term":[{"taxonomy":"category","embeddable":true,"href":"https:\/\/bsvspittal.liland.at\/index.php?rest_route=%2Fwp%2Fv2%2Fcategories&post=2892"},{"taxonomy":"post_tag","embeddable":true,"href":"https:\/\/bsvspittal.liland.at\/index.php?rest_route=%2Fwp%2Fv2%2Ftags&post=2892"}],"curies":[{"name":"wp","href":"https:\/\/api.w.org\/{rel}","templated":true}]}}