{"id":2955,"date":"2018-06-18T10:41:10","date_gmt":"2018-06-18T08:41:10","guid":{"rendered":"http:\/\/bsvspittal.liland.at\/?p=2955"},"modified":"2018-06-18T10:41:10","modified_gmt":"2018-06-18T08:41:10","slug":"special-olympics-sommerspiele-2018-in-voecklabruck-alle-kaerntner-athleten-waren-erfolgreich-dabei","status":"publish","type":"post","link":"https:\/\/bsvspittal.liland.at\/?p=2955","title":{"rendered":"Special Olympics Sommerspiele 2018 in V\u00f6cklabruck \u2013  alle K\u00e4rntner Athleten waren erfolgreich dabei!"},"content":{"rendered":"<p>&nbsp;<\/p>\n<p>&nbsp;<\/p>\n<p>\u00dcber 150 Teilnehmende aus den verschiedensten Betreuungseinrichtungen K\u00e4rntens waren bei den nur alle 4 Jahre &#8211; und diesmal im Gro\u00dfraum V\u00f6cklabruck \/ Ober\u00f6sterreich abgehaltenen -Sommerspielen dabei!<\/p>\n<p>Alleine schon die Teilnahme und das \u201eDabeisein\u201c bei diesen einzigartigen Meisterschaften war f\u00fcr alle ein besonderes Erlebnis!\u00a0 \u00dcber 2.800 begeisterte Sportlerinnen und Sportler mit mentaler und tw. auch k\u00f6rperlicher Beeintr\u00e4chtigung ma\u00dfen sich vom 07. bis 12. Juni 2018 in verschiedenen Leistungsgruppen in unterschiedlichsten Sportarten wie zB. Leichtathletik, Schwimmen, Reiten, Golf, Fu\u00df- und Basketball, Stockschie\u00dfen usw. und ermittelten viele, viele Sieger und Platzierte.<\/p>\n<p>Mehrere tausend Besucherinnen und Besucher hie\u00dfen die Athleten im Sportstadion V\u00f6cklabruck willkommen und waren beim Entz\u00fcnden des olympischen Feuers und der anschlie\u00dfenden Er\u00f6ffnungsfeier dabei. Viele feuerten die eifrigen Wettk\u00e4mpfer an den folgenden Tagen bei den verschiedenen Wettk\u00e4mpfen an, applaudierten und wertsch\u00e4tzten so das beherzte Bem\u00fchen f\u00fcr die gezeigten Leistungen!<\/p>\n<p>\u00dcberw\u00e4ltigend auch die Schlussfeier:\u00a0 wieder tausende G\u00e4ste im Stadion V\u00f6cklabruck, ein stimmungsvolles Begegnen der Sportlerinnen und Sportler, der Betreuer und Eltern untereinander aber auch mit den vielen Zusehern.<\/p>\n<p>&nbsp;<\/p>\n<ol>\n<li><em> a. errangen die Behindertensportverein-Spittal-Athleten folgende Platzierungen und Medaillen:<\/em><\/li>\n<\/ol>\n<p><strong><u>Schwimmen:<\/u><\/strong><\/p>\n<p>Andrea Guggenberger \u2013 Gold \u00fcber 100 m und Bronze \u00fcber 50 m Freistil<\/p>\n<p>Gerit Rindler \u2013 Bronze \u00fcber 100 m Freistil<\/p>\n<p>Gernot Platzer \u2013 Gold \u00fcber 100 m R\u00fccken und 200 m Freistil<\/p>\n<p>In der Staffel holte das Team, verst\u00e4rkt durch Marko Genser, \u00fcber 4 x 100 Freistil die Silbermedaille!<\/p>\n<p>&nbsp;<\/p>\n<p><strong><u>Leichtathletik:<\/u><\/strong><\/p>\n<p>Marion Adenberger \u2013 Silber im 400 m und auch im 100 m Lauf<\/p>\n<p>Markus Oberwinkler \u2013 Gold im 400 m und auch im 800 m Lauf<\/p>\n<p>Michael Ramsbacher \u2013 Gold im Schlagballwurf und im 100 m Lauf<\/p>\n<p>Josef Lackner \u2013 Silber \u00fcber 1500 m\u00a0 und ausgezeichneter 4. Platz im 5.000 m Lauf<\/p>\n<div id=\"attachment_2957\" style=\"width: 310px\" class=\"wp-caption alignleft\"><img aria-describedby=\"caption-attachment-2957\" loading=\"lazy\" class=\"size-medium wp-image-2957\" src=\"http:\/\/bsvspittal.liland.at\/wp-content\/uploads\/2018\/06\/Special-Olympics-Sieger_web-300x225.jpg\" alt=\"\" width=\"300\" height=\"225\" srcset=\"http:\/\/bsvspittal.liland.at\/wp-content\/uploads\/2018\/06\/Special-Olympics-Sieger_web-300x225.jpg 300w, http:\/\/bsvspittal.liland.at\/wp-content\/uploads\/2018\/06\/Special-Olympics-Sieger_web-150x113.jpg 150w, http:\/\/bsvspittal.liland.at\/wp-content\/uploads\/2018\/06\/Special-Olympics-Sieger_web-768x576.jpg 768w, http:\/\/bsvspittal.liland.at\/wp-content\/uploads\/2018\/06\/Special-Olympics-Sieger_web-1024x768.jpg 1024w, http:\/\/bsvspittal.liland.at\/wp-content\/uploads\/2018\/06\/Special-Olympics-Sieger_web.jpg 2000w\" sizes=\"(max-width: 300px) 100vw, 300px\" \/><p id=\"caption-attachment-2957\" class=\"wp-caption-text\">Bild: vl. nach re. die Leichtathleten Oberwinkler, Ramsbacher oben auf, Lackner und Adenberger.<\/p><\/div>\n","protected":false},"excerpt":{"rendered":"<p>&nbsp; &nbsp; \u00dcber 150 Teilnehmende aus den verschiedensten Betreuungseinrichtungen K\u00e4rntens waren bei den nur alle 4 Jahre &#8211; und diesmal im Gro\u00dfraum V\u00f6cklabruck \/ Ober\u00f6sterreich abgehaltenen -Sommerspielen dabei! Alleine schon die Teilnahme und das \u201eDabeisein\u201c bei diesen einzigartigen Meisterschaften war f\u00fcr alle ein besonderes Erlebnis!\u00a0 \u00dcber 2.800 begeisterte Sportlerinnen und Sportler mit mentaler und tw. [&hellip;]<\/p>\n","protected":false},"author":7,"featured_media":2957,"comment_status":"open","ping_status":"open","sticky":false,"template":"","format":"standard","meta":[],"categories":[42,43,4],"tags":[],"_links":{"self":[{"href":"https:\/\/bsvspittal.liland.at\/index.php?rest_route=\/wp\/v2\/posts\/2955"}],"collection":[{"href":"https:\/\/bsvspittal.liland.at\/index.php?rest_route=\/wp\/v2\/posts"}],"about":[{"href":"https:\/\/bsvspittal.liland.at\/index.php?rest_route=\/wp\/v2\/types\/post"}],"author":[{"embeddable":true,"href":"https:\/\/bsvspittal.liland.at\/index.php?rest_route=\/wp\/v2\/users\/7"}],"replies":[{"embeddable":true,"href":"https:\/\/bsvspittal.liland.at\/index.php?rest_route=%2Fwp%2Fv2%2Fcomments&post=2955"}],"version-history":[{"count":2,"href":"https:\/\/bsvspittal.liland.at\/index.php?rest_route=\/wp\/v2\/posts\/2955\/revisions"}],"predecessor-version":[{"id":2958,"href":"https:\/\/bsvspittal.liland.at\/index.php?rest_route=\/wp\/v2\/posts\/2955\/revisions\/2958"}],"wp:featuredmedia":[{"embeddable":true,"href":"https:\/\/bsvspittal.liland.at\/index.php?rest_route=\/wp\/v2\/media\/2957"}],"wp:attachment":[{"href":"https:\/\/bsvspittal.liland.at\/index.php?rest_route=%2Fwp%2Fv2%2Fmedia&parent=2955"}],"wp:term":[{"taxonomy":"category","embeddable":true,"href":"https:\/\/bsvspittal.liland.at\/index.php?rest_route=%2Fwp%2Fv2%2Fcategories&post=2955"},{"taxonomy":"post_tag","embeddable":true,"href":"https:\/\/bsvspittal.liland.at\/index.php?rest_route=%2Fwp%2Fv2%2Ftags&post=2955"}],"curies":[{"name":"wp","href":"https:\/\/api.w.org\/{rel}","templated":true}]}}