{"id":2960,"date":"2018-07-16T14:19:03","date_gmt":"2018-07-16T12:19:03","guid":{"rendered":"http:\/\/bsvspittal.liland.at\/?p=2960"},"modified":"2018-07-16T14:19:03","modified_gmt":"2018-07-16T12:19:03","slug":"offene-sueddeutsche-meisterschaften-2018-in-der-leichtathletik-in-singen-baden-wuerttemberg","status":"publish","type":"post","link":"https:\/\/bsvspittal.liland.at\/?p=2960","title":{"rendered":"Offene S\u00fcddeutsche Meisterschaften 2018 in der Leichtathletik in Singen\/Baden W\u00fcrttemberg"},"content":{"rendered":"<p>Erfolgreich endete f\u00fcr 2 mental beeintr\u00e4chtigte Leichtathleten des Behindertensportvereines Spittal\/Drau die Teilnahme an den Offenen S\u00fcddeutschen Meisterschaften.<\/p>\n<p>Markus OBERWINKLER\u00a0 stellte seine Steherqualit\u00e4ten unter Beweis, gewann\u00a0 den 800 m Laufbewerb\u00a0 und belegte den 3. Platz \u00fcber 400 m.<br \/>\nDer \u00a020-j\u00e4hrige\u00a0 Kevin KOHLWEISS \u00a0gewann die 200 m in der Zeit von 26,08 sek. und den Kugelsto\u00df Bewerb. \u00dcber die 100 m\u00a0 wurde er Zweiter und im Weitsprung\u00a0 Vierter.<\/p>\n<div id=\"attachment_2962\" style=\"width: 310px\" class=\"wp-caption alignleft\"><img aria-describedby=\"caption-attachment-2962\" loading=\"lazy\" class=\"size-medium wp-image-2962\" src=\"http:\/\/bsvspittal.liland.at\/wp-content\/uploads\/2018\/07\/Athleten-und-Trainer-2018-in-Singen-300x169.jpg\" alt=\"\" width=\"300\" height=\"169\" srcset=\"http:\/\/bsvspittal.liland.at\/wp-content\/uploads\/2018\/07\/Athleten-und-Trainer-2018-in-Singen-300x169.jpg 300w, http:\/\/bsvspittal.liland.at\/wp-content\/uploads\/2018\/07\/Athleten-und-Trainer-2018-in-Singen-150x84.jpg 150w, http:\/\/bsvspittal.liland.at\/wp-content\/uploads\/2018\/07\/Athleten-und-Trainer-2018-in-Singen-768x432.jpg 768w, http:\/\/bsvspittal.liland.at\/wp-content\/uploads\/2018\/07\/Athleten-und-Trainer-2018-in-Singen-1024x576.jpg 1024w, http:\/\/bsvspittal.liland.at\/wp-content\/uploads\/2018\/07\/Athleten-und-Trainer-2018-in-Singen.jpg 1600w\" sizes=\"(max-width: 300px) 100vw, 300px\" \/><p id=\"caption-attachment-2962\" class=\"wp-caption-text\">Athleten und Trainer in Singen<\/p><\/div>\n<p><strong>\u00a0<\/strong><\/p>\n","protected":false},"excerpt":{"rendered":"<p>Erfolgreich endete f\u00fcr 2 mental beeintr\u00e4chtigte Leichtathleten des Behindertensportvereines Spittal\/Drau die Teilnahme an den Offenen S\u00fcddeutschen Meisterschaften. Markus OBERWINKLER\u00a0 stellte seine Steherqualit\u00e4ten unter Beweis, gewann\u00a0 den 800 m Laufbewerb\u00a0 und belegte den 3. Platz \u00fcber 400 m. Der \u00a020-j\u00e4hrige\u00a0 Kevin KOHLWEISS \u00a0gewann die 200 m in der Zeit von 26,08 sek. und den Kugelsto\u00df Bewerb. [&hellip;]<\/p>\n","protected":false},"author":7,"featured_media":2962,"comment_status":"open","ping_status":"open","sticky":false,"template":"","format":"standard","meta":[],"categories":[42,43,4],"tags":[],"_links":{"self":[{"href":"https:\/\/bsvspittal.liland.at\/index.php?rest_route=\/wp\/v2\/posts\/2960"}],"collection":[{"href":"https:\/\/bsvspittal.liland.at\/index.php?rest_route=\/wp\/v2\/posts"}],"about":[{"href":"https:\/\/bsvspittal.liland.at\/index.php?rest_route=\/wp\/v2\/types\/post"}],"author":[{"embeddable":true,"href":"https:\/\/bsvspittal.liland.at\/index.php?rest_route=\/wp\/v2\/users\/7"}],"replies":[{"embeddable":true,"href":"https:\/\/bsvspittal.liland.at\/index.php?rest_route=%2Fwp%2Fv2%2Fcomments&post=2960"}],"version-history":[{"count":2,"href":"https:\/\/bsvspittal.liland.at\/index.php?rest_route=\/wp\/v2\/posts\/2960\/revisions"}],"predecessor-version":[{"id":2963,"href":"https:\/\/bsvspittal.liland.at\/index.php?rest_route=\/wp\/v2\/posts\/2960\/revisions\/2963"}],"wp:featuredmedia":[{"embeddable":true,"href":"https:\/\/bsvspittal.liland.at\/index.php?rest_route=\/wp\/v2\/media\/2962"}],"wp:attachment":[{"href":"https:\/\/bsvspittal.liland.at\/index.php?rest_route=%2Fwp%2Fv2%2Fmedia&parent=2960"}],"wp:term":[{"taxonomy":"category","embeddable":true,"href":"https:\/\/bsvspittal.liland.at\/index.php?rest_route=%2Fwp%2Fv2%2Fcategories&post=2960"},{"taxonomy":"post_tag","embeddable":true,"href":"https:\/\/bsvspittal.liland.at\/index.php?rest_route=%2Fwp%2Fv2%2Ftags&post=2960"}],"curies":[{"name":"wp","href":"https:\/\/api.w.org\/{rel}","templated":true}]}}