{"id":2987,"date":"2018-10-02T14:48:39","date_gmt":"2018-10-02T12:48:39","guid":{"rendered":"http:\/\/bsvspittal.liland.at\/?p=2987"},"modified":"2018-10-02T14:48:39","modified_gmt":"2018-10-02T12:48:39","slug":"oesterreichische-jugend-und-b-meisterschaften-2018-in-klagenfurt","status":"publish","type":"post","link":"https:\/\/bsvspittal.liland.at\/?p=2987","title":{"rendered":"\u00d6sterreichische Jugend- und B-Meisterschaften 2018  in Klagenfurt"},"content":{"rendered":"<p><strong>Der Behindertensportverein Spittal\/Drau<\/strong> nahm heuer mit 8 Jugendlichen und 4 mental beeintr\u00e4chtigten Schwimmern an den \u00f6sterr. Jugendmeisterschaften und \u00f6sterr. B-Meisterschaften im Hallenbad Klagenfurt teil. Gleichzeitig wurden auch die K\u00e4rntner Meisterschaften 2018 im Schwimmen ausgetragen, wo vom Behindertensportverein Spittal\/Drau weitere 11 Schwimmer teilnahmen.<\/p>\n<p>Anhand der besten <strong>Leistung nach Punkten<\/strong><\/p>\n<p>wurde bei den k\u00f6rperlich beeintr\u00e4chtigten Schwimmern \u00a0Lukas PROHART \u00f6sterr. Jugendmeister. Er gewann die 50 m und die 100 m Freistil.<\/p>\n<p>&nbsp;<\/p>\n<p>Bei den mental beeintr\u00e4chtigten Jugendlichen kamen Sandro EBERL und Lukas HARTL in der Gesamtwertung ex-equo auf den 2. Platz.<\/p>\n<p>Sandro EBERL gewann gemeinsam mit Lukas HARTL die 50 m Brust. Lukas HARTL\u00a0\u00a0 und wurde weiters Zweiter \u00fcber die 50 m und 100 m Freistil. Sandro EBERL wurde \u00fcber 100 m Brust ausgezeichneter Zweiter.<\/p>\n<p>Lukas HARTL gewann auch bei den B-Meisterschaften die 50 m Brust und wurde Zweiter \u00fcber die 50 m und 100 m Freistil.<\/p>\n<p>Emily PREIML, die erstmals an Jugendmeisterschaften teilnahm, gewann die 25 m Brust mit einem \u00f6sterr. Jugendrekord.<\/p>\n<p>Edwin HUMMEL, der ebenfalls erstmals an Jugendmeisterschaften teilnahm, gewann die 25 m Freistil.<\/p>\n<p>&nbsp;<\/p>\n<p>Leider sind heuer, obwohl in der Ausschreibung f\u00fcr die \u00f6sterr. Jugend- und B-Meisterschaften eine eigene Klasse f\u00fcr die \u201eDown Syndrom\u201c Schwimmer vorgesehen war, unsere gemeldeten Down Syndrom Schwimmer bei der Auswertung bzw. Siegerehrung durch den Rost gefallen. War f\u00fcr Eltern und Schwimmer nicht erfreulich.<\/p>\n<p>&nbsp;<\/p>\n<p><strong>K\u00e4rntner Meisterschaften 2018\u00a0\u00a0 (Gesamtwertung \u2013 beste Leistung nach Punkten) <\/strong><\/p>\n<p><strong>\u00a0<\/strong><\/p>\n<p>K\u00e4rntner Meister bei den k\u00f6rperlich beeintr\u00e4chtigten m\u00e4nnlichen Schwimmern wurde Philip HOCHENBERGER\u00a0\u00a0 und bei den mental beeintr\u00e4chtigten m\u00e4nnlich Schwimmern Kevin KOHLWEISS, die alle ihre geschwommenen Bewerbe gewannen.<\/p>\n<p>&nbsp;<\/p>\n<p>Bei den k\u00f6rperlich beeintr\u00e4chtigten weiblich Schwimmern gewann Anna Lena STOCKER\u00a0\u00a0 vor Heidi SEMMLER.<\/p>\n<p>&nbsp;<\/p>\n<p>K\u00e4rntner Meisterin bei den mental beeintr\u00e4chtigten weiblichen Schwimmern wurde\u00a0\u00a0 Romana ZABLATNIK ( BSG Klagenfurt) vor Andrea GUGGENBERGER. Die Down Syndrom Schwimmerin Judith EGGER wurde ausgezeichnete Dritte.<\/p>\n<p>&nbsp;<\/p>\n<p>Ein Lob geb\u00fchrt der Veranstalterin Katherina ZABLATNIK, die mit Ihrem Team eine ausgezeichnete Schwimmveranstaltung organisierte.<\/p>\n<p>&nbsp;<\/p>\n<div id=\"attachment_2988\" style=\"width: 310px\" class=\"wp-caption alignleft\"><img aria-describedby=\"caption-attachment-2988\" loading=\"lazy\" class=\"size-medium wp-image-2988\" src=\"http:\/\/bsvspittal.liland.at\/wp-content\/uploads\/2018\/10\/KM-2018-Kevin-Lukas-Sandro-300x225.jpeg\" alt=\"\" width=\"300\" height=\"225\" srcset=\"http:\/\/bsvspittal.liland.at\/wp-content\/uploads\/2018\/10\/KM-2018-Kevin-Lukas-Sandro-300x225.jpeg 300w, http:\/\/bsvspittal.liland.at\/wp-content\/uploads\/2018\/10\/KM-2018-Kevin-Lukas-Sandro-150x113.jpeg 150w, http:\/\/bsvspittal.liland.at\/wp-content\/uploads\/2018\/10\/KM-2018-Kevin-Lukas-Sandro-768x576.jpeg 768w, http:\/\/bsvspittal.liland.at\/wp-content\/uploads\/2018\/10\/KM-2018-Kevin-Lukas-Sandro-1024x768.jpeg 1024w\" sizes=\"(max-width: 300px) 100vw, 300px\" \/><p id=\"caption-attachment-2988\" class=\"wp-caption-text\">Kevin, Lukas, Sandro bei der Siegerehrung<\/p><\/div>\n","protected":false},"excerpt":{"rendered":"<p>Der Behindertensportverein Spittal\/Drau nahm heuer mit 8 Jugendlichen und 4 mental beeintr\u00e4chtigten Schwimmern an den \u00f6sterr. Jugendmeisterschaften und \u00f6sterr. B-Meisterschaften im Hallenbad Klagenfurt teil. Gleichzeitig wurden auch die K\u00e4rntner Meisterschaften 2018 im Schwimmen ausgetragen, wo vom Behindertensportverein Spittal\/Drau weitere 11 Schwimmer teilnahmen. Anhand der besten Leistung nach Punkten wurde bei den k\u00f6rperlich beeintr\u00e4chtigten Schwimmern \u00a0Lukas [&hellip;]<\/p>\n","protected":false},"author":7,"featured_media":2988,"comment_status":"open","ping_status":"open","sticky":false,"template":"","format":"standard","meta":[],"categories":[42,43,4],"tags":[],"_links":{"self":[{"href":"https:\/\/bsvspittal.liland.at\/index.php?rest_route=\/wp\/v2\/posts\/2987"}],"collection":[{"href":"https:\/\/bsvspittal.liland.at\/index.php?rest_route=\/wp\/v2\/posts"}],"about":[{"href":"https:\/\/bsvspittal.liland.at\/index.php?rest_route=\/wp\/v2\/types\/post"}],"author":[{"embeddable":true,"href":"https:\/\/bsvspittal.liland.at\/index.php?rest_route=\/wp\/v2\/users\/7"}],"replies":[{"embeddable":true,"href":"https:\/\/bsvspittal.liland.at\/index.php?rest_route=%2Fwp%2Fv2%2Fcomments&post=2987"}],"version-history":[{"count":1,"href":"https:\/\/bsvspittal.liland.at\/index.php?rest_route=\/wp\/v2\/posts\/2987\/revisions"}],"predecessor-version":[{"id":2989,"href":"https:\/\/bsvspittal.liland.at\/index.php?rest_route=\/wp\/v2\/posts\/2987\/revisions\/2989"}],"wp:featuredmedia":[{"embeddable":true,"href":"https:\/\/bsvspittal.liland.at\/index.php?rest_route=\/wp\/v2\/media\/2988"}],"wp:attachment":[{"href":"https:\/\/bsvspittal.liland.at\/index.php?rest_route=%2Fwp%2Fv2%2Fmedia&parent=2987"}],"wp:term":[{"taxonomy":"category","embeddable":true,"href":"https:\/\/bsvspittal.liland.at\/index.php?rest_route=%2Fwp%2Fv2%2Fcategories&post=2987"},{"taxonomy":"post_tag","embeddable":true,"href":"https:\/\/bsvspittal.liland.at\/index.php?rest_route=%2Fwp%2Fv2%2Ftags&post=2987"}],"curies":[{"name":"wp","href":"https:\/\/api.w.org\/{rel}","templated":true}]}}