{"id":3252,"date":"2021-04-03T16:36:23","date_gmt":"2021-04-03T14:36:23","guid":{"rendered":"http:\/\/bsvspittal.liland.at\/?p=3252"},"modified":"2021-04-07T12:06:21","modified_gmt":"2021-04-07T10:06:21","slug":"schwimmer-und-leichtathleten-auch-im-wintersport-erfolgreich","status":"publish","type":"post","link":"https:\/\/bsvspittal.liland.at\/?p=3252","title":{"rendered":"Schwimmer und Leichtathleten auch im Wintersport erfolgreich"},"content":{"rendered":"\n<p>CORONA&nbsp; bedingt musste heuer \u00fcber die Wintersaison der Behindertensportverein Spittal\/Drau den Trainingsbetrieb im Schwimmen und in der Leichtathletik in den Hallen einstellen. <br><br>Um jedoch die Kondition bei einigen Talenten aufrecht zu erhalten, wurde nach Anmeldung beim \u00f6sterreichischen Skiverband ein regelm\u00e4\u00dfiges Ski-Training im Freien unter Einhaltung aller Vorsichtsma\u00dfnahmen (Testungen und Mundschutz) durchgef\u00fchrt.&nbsp; <\/p>\n\n\n\n<p>Anfang M\u00e4rz erhielten 4 Rennl\u00e4ufer (Michael RAMSBACHER, Kevin KOHLWEISS, Julia PLEIKNER und Heidi SEMMLER) die Erlaubnis, an den offen ausgeschriebenen Tiroler Ski-Meisterschaften in Hopfgarten teilzunehmen. Aufgrund der tollen Leistungen im GS und RTL konnten sich Heidi SEMMLER, Julia PLEIKNER&nbsp; und Kevin KOHLWEISS f\u00fcr die \u00f6sterreichischen Staatsmeisterschaften Ski Alpin&nbsp;&nbsp; Ende M\u00e4rz 2021&nbsp; auf der Gerlitzen qualifizieren. &nbsp;Die Genannten wurden f\u00fcr den Riesentorlauf gemeldet und es mussten 2 L\u00e4ufe absolviert werden. Trotz starker Konkurrenz&nbsp; aus Tirol, Vorarlberg und Ober\u00f6sterreich schlugen sich die Sportler erfolgreich, obwohl sie zum ersten Mal &nbsp;an einer stark besetzten Staatsmeisterschaft Ski Alpin teilnehmen.&nbsp; &nbsp;<br><br> Heidi SEMMLER&nbsp; wurde Staatsmeisterin bei den k\u00f6rperbehinderten Damen stehend&nbsp;&nbsp; und&nbsp; Julia PLEIKNER&nbsp;&nbsp; wurde \u00f6sterr. Meisterin in der Klasse Mental.  &nbsp;&nbsp;<\/p>\n\n\n\n<figure class=\"wp-block-image size-large is-resized\"><img loading=\"lazy\" src=\"http:\/\/bsvspittal.liland.at\/wp-content\/uploads\/2021\/04\/\u00d6STM-Ski-2021-Gerlitzen.jpg\" alt=\"Staatsmeisterschaften im Schilauf Gerlitzen M\u00e4rz 2021\" class=\"wp-image-3254\" width=\"474\" height=\"355\" srcset=\"http:\/\/bsvspittal.liland.at\/wp-content\/uploads\/2021\/04\/\u00d6STM-Ski-2021-Gerlitzen.jpg 640w, http:\/\/bsvspittal.liland.at\/wp-content\/uploads\/2021\/04\/\u00d6STM-Ski-2021-Gerlitzen-300x225.jpg 300w, http:\/\/bsvspittal.liland.at\/wp-content\/uploads\/2021\/04\/\u00d6STM-Ski-2021-Gerlitzen-150x113.jpg 150w\" sizes=\"(max-width: 474px) 100vw, 474px\" \/><figcaption>Das erfolgreiche Team des BSV Spittal bei den Staatsmeisterschaften im Schilauf 2021 auf der Gerlitzen in K\u00e4rnten! Herzliche Gratulation! <\/figcaption><\/figure>\n","protected":false},"excerpt":{"rendered":"<p>CORONA&nbsp; bedingt musste heuer \u00fcber die Wintersaison der Behindertensportverein Spittal\/Drau den Trainingsbetrieb im Schwimmen und in der Leichtathletik in den Hallen einstellen. Um jedoch die Kondition bei einigen Talenten aufrecht zu erhalten, wurde nach Anmeldung beim \u00f6sterreichischen Skiverband ein regelm\u00e4\u00dfiges Ski-Training im Freien unter Einhaltung aller Vorsichtsma\u00dfnahmen (Testungen und Mundschutz) durchgef\u00fchrt.&nbsp; Anfang M\u00e4rz erhielten 4 [&hellip;]<\/p>\n","protected":false},"author":7,"featured_media":3254,"comment_status":"open","ping_status":"open","sticky":true,"template":"","format":"standard","meta":[],"categories":[53],"tags":[],"_links":{"self":[{"href":"https:\/\/bsvspittal.liland.at\/index.php?rest_route=\/wp\/v2\/posts\/3252"}],"collection":[{"href":"https:\/\/bsvspittal.liland.at\/index.php?rest_route=\/wp\/v2\/posts"}],"about":[{"href":"https:\/\/bsvspittal.liland.at\/index.php?rest_route=\/wp\/v2\/types\/post"}],"author":[{"embeddable":true,"href":"https:\/\/bsvspittal.liland.at\/index.php?rest_route=\/wp\/v2\/users\/7"}],"replies":[{"embeddable":true,"href":"https:\/\/bsvspittal.liland.at\/index.php?rest_route=%2Fwp%2Fv2%2Fcomments&post=3252"}],"version-history":[{"count":4,"href":"https:\/\/bsvspittal.liland.at\/index.php?rest_route=\/wp\/v2\/posts\/3252\/revisions"}],"predecessor-version":[{"id":3257,"href":"https:\/\/bsvspittal.liland.at\/index.php?rest_route=\/wp\/v2\/posts\/3252\/revisions\/3257"}],"wp:featuredmedia":[{"embeddable":true,"href":"https:\/\/bsvspittal.liland.at\/index.php?rest_route=\/wp\/v2\/media\/3254"}],"wp:attachment":[{"href":"https:\/\/bsvspittal.liland.at\/index.php?rest_route=%2Fwp%2Fv2%2Fmedia&parent=3252"}],"wp:term":[{"taxonomy":"category","embeddable":true,"href":"https:\/\/bsvspittal.liland.at\/index.php?rest_route=%2Fwp%2Fv2%2Fcategories&post=3252"},{"taxonomy":"post_tag","embeddable":true,"href":"https:\/\/bsvspittal.liland.at\/index.php?rest_route=%2Fwp%2Fv2%2Ftags&post=3252"}],"curies":[{"name":"wp","href":"https:\/\/api.w.org\/{rel}","templated":true}]}}